{"id":20222,"date":"2022-08-18T23:07:28","date_gmt":"2022-08-18T21:07:28","guid":{"rendered":"http:\/\/www.studiogera.de\/001\/?p=20222"},"modified":"2022-08-18T23:07:30","modified_gmt":"2022-08-18T21:07:30","slug":"vu-in-der-zwoetzener-strasse","status":"publish","type":"post","link":"https:\/\/www.studiogera.de\/001\/2022\/08\/18\/vu-in-der-zwoetzener-strasse\/","title":{"rendered":"VU IN DER ZW\u00d6TZENER STRASSE"},"content":{"rendered":"\n<p>Sachsch\u00e4den im f\u00fcnfstelligen Bereich entstanden am 17. August bei einem Verkehrsunfall in der Zw\u00f6tzner Stra\u00dfe. Gegen 8.20 Uhr wurde der Vorfall \u00fcber den Notruf polizeibekannt. Am Unfallort stellten die Beamten in der Folge den 21-j\u00e4hrigen Fahrer eines PKW Seat als Verursacher fest. Dieser hatte die Zw\u00f6tzner Stra\u00dfe stadtausw\u00e4rts befahren und war aus bislang unbekannter Ursache von der Fahrbahn abgekommen. Dabei kollidierte er mit einem geparkten PKW Mercedes und verletzte sich leicht, sodass er in einem Krankenhaus medizinisch versorgt werden musste. Sein Fahrzeug wurde abgeschleppt. Die Polizei ermittelt zur Unfallursache.<\/p>\n","protected":false},"excerpt":{"rendered":"<div class=\"mh-excerpt\"><p>Sachsch\u00e4den im f\u00fcnfstelligen Bereich entstanden am 17. August bei einem Verkehrsunfall in der Zw\u00f6tzner Stra\u00dfe. Gegen 8.20 Uhr wurde der Vorfall \u00fcber den Notruf polizeibekannt. Am Unfallort stellten die Beamten in der Folge den 21-j\u00e4hrigen <a class=\"mh-excerpt-more\" href=\"https:\/\/www.studiogera.de\/001\/2022\/08\/18\/vu-in-der-zwoetzener-strasse\/\" title=\"VU IN DER ZW\u00d6TZENER STRASSE\">[&#8230;]<\/a><\/p>\n<\/div>","protected":false},"author":3,"featured_media":9352,"comment_status":"open","ping_status":"open","sticky":false,"template":"","format":"standard","meta":{"footnotes":""},"categories":[13],"tags":[],"class_list":{"0":"post-20222","1":"post","2":"type-post","3":"status-publish","4":"format-standard","5":"has-post-thumbnail","7":"category-polizeiberichte"},"_links":{"self":[{"href":"https:\/\/www.studiogera.de\/001\/wp-json\/wp\/v2\/posts\/20222","targetHints":{"allow":["GET"]}}],"collection":[{"href":"https:\/\/www.studiogera.de\/001\/wp-json\/wp\/v2\/posts"}],"about":[{"href":"https:\/\/www.studiogera.de\/001\/wp-json\/wp\/v2\/types\/post"}],"author":[{"embeddable":true,"href":"https:\/\/www.studiogera.de\/001\/wp-json\/wp\/v2\/users\/3"}],"replies":[{"embeddable":true,"href":"https:\/\/www.studiogera.de\/001\/wp-json\/wp\/v2\/comments?post=20222"}],"version-history":[{"count":1,"href":"https:\/\/www.studiogera.de\/001\/wp-json\/wp\/v2\/posts\/20222\/revisions"}],"predecessor-version":[{"id":20224,"href":"https:\/\/www.studiogera.de\/001\/wp-json\/wp\/v2\/posts\/20222\/revisions\/20224"}],"wp:featuredmedia":[{"embeddable":true,"href":"https:\/\/www.studiogera.de\/001\/wp-json\/wp\/v2\/media\/9352"}],"wp:attachment":[{"href":"https:\/\/www.studiogera.de\/001\/wp-json\/wp\/v2\/media?parent=20222"}],"wp:term":[{"taxonomy":"category","embeddable":true,"href":"https:\/\/www.studiogera.de\/001\/wp-json\/wp\/v2\/categories?post=20222"},{"taxonomy":"post_tag","embeddable":true,"href":"https:\/\/www.studiogera.de\/001\/wp-json\/wp\/v2\/tags?post=20222"}],"curies":[{"name":"wp","href":"https:\/\/api.w.org\/{rel}","templated":true}]}}