{"id":20227,"date":"2022-08-18T23:13:33","date_gmt":"2022-08-18T21:13:33","guid":{"rendered":"http:\/\/www.studiogera.de\/001\/?p=20227"},"modified":"2022-08-18T23:13:35","modified_gmt":"2022-08-18T21:13:35","slug":"eskalierter-streit-in-der-schmelzhuettenstrasse","status":"publish","type":"post","link":"https:\/\/www.studiogera.de\/001\/2022\/08\/18\/eskalierter-streit-in-der-schmelzhuettenstrasse\/","title":{"rendered":"ESKALIERTER STREIT IN DER SCHMELZH\u00dcTTENSTRASSE"},"content":{"rendered":"\n<p>Beamte der Polizei Gera kamen am 17. August in der Schmelzh\u00fcttenstra\u00dfe zum Einsatz, nachdem gegen 10.35 Uhr eine Auseinandersetzung zwischen zwei M\u00e4nnern bekannt geworden war. Vor Ort konnten die beiden Beteiligten, 28 bzw. 38 Jahre alt, sodann angetroffen werden. Ersten Erkenntnissen zufolge kam es im Vorfeld zun\u00e4chst zum verbalen Streit, der sich zu einer k\u00f6rperlichen Auseinandersetzung weiterentwickelte. Die beiden Tatverd\u00e4chtigen verletzten sich dabei gegenseitig leicht und mussten vor Ort medizinisch versorgt werden. Beide m\u00fcssen nun mit entsprechenden Anzeigen rechnen. Durch die Polizei konnte die Situation vor Ort beruhigt werden.<\/p>\n","protected":false},"excerpt":{"rendered":"<div class=\"mh-excerpt\"><p>Beamte der Polizei Gera kamen am 17. August in der Schmelzh\u00fcttenstra\u00dfe zum Einsatz, nachdem gegen 10.35 Uhr eine Auseinandersetzung zwischen zwei M\u00e4nnern bekannt geworden war. Vor Ort konnten die beiden Beteiligten, 28 bzw. 38 Jahre <a class=\"mh-excerpt-more\" href=\"https:\/\/www.studiogera.de\/001\/2022\/08\/18\/eskalierter-streit-in-der-schmelzhuettenstrasse\/\" title=\"ESKALIERTER STREIT IN DER SCHMELZH\u00dcTTENSTRASSE\">[&#8230;]<\/a><\/p>\n<\/div>","protected":false},"author":3,"featured_media":9356,"comment_status":"open","ping_status":"open","sticky":false,"template":"","format":"standard","meta":{"footnotes":""},"categories":[13],"tags":[],"class_list":{"0":"post-20227","1":"post","2":"type-post","3":"status-publish","4":"format-standard","5":"has-post-thumbnail","7":"category-polizeiberichte"},"_links":{"self":[{"href":"https:\/\/www.studiogera.de\/001\/wp-json\/wp\/v2\/posts\/20227","targetHints":{"allow":["GET"]}}],"collection":[{"href":"https:\/\/www.studiogera.de\/001\/wp-json\/wp\/v2\/posts"}],"about":[{"href":"https:\/\/www.studiogera.de\/001\/wp-json\/wp\/v2\/types\/post"}],"author":[{"embeddable":true,"href":"https:\/\/www.studiogera.de\/001\/wp-json\/wp\/v2\/users\/3"}],"replies":[{"embeddable":true,"href":"https:\/\/www.studiogera.de\/001\/wp-json\/wp\/v2\/comments?post=20227"}],"version-history":[{"count":1,"href":"https:\/\/www.studiogera.de\/001\/wp-json\/wp\/v2\/posts\/20227\/revisions"}],"predecessor-version":[{"id":20228,"href":"https:\/\/www.studiogera.de\/001\/wp-json\/wp\/v2\/posts\/20227\/revisions\/20228"}],"wp:featuredmedia":[{"embeddable":true,"href":"https:\/\/www.studiogera.de\/001\/wp-json\/wp\/v2\/media\/9356"}],"wp:attachment":[{"href":"https:\/\/www.studiogera.de\/001\/wp-json\/wp\/v2\/media?parent=20227"}],"wp:term":[{"taxonomy":"category","embeddable":true,"href":"https:\/\/www.studiogera.de\/001\/wp-json\/wp\/v2\/categories?post=20227"},{"taxonomy":"post_tag","embeddable":true,"href":"https:\/\/www.studiogera.de\/001\/wp-json\/wp\/v2\/tags?post=20227"}],"curies":[{"name":"wp","href":"https:\/\/api.w.org\/{rel}","templated":true}]}}