{"id":20235,"date":"2022-08-19T11:43:52","date_gmt":"2022-08-19T09:43:52","guid":{"rendered":"http:\/\/www.studiogera.de\/001\/?p=20235"},"modified":"2022-08-19T11:43:54","modified_gmt":"2022-08-19T09:43:54","slug":"befragung-zu-smartcity-massnahme","status":"publish","type":"post","link":"https:\/\/www.studiogera.de\/001\/2022\/08\/19\/befragung-zu-smartcity-massnahme\/","title":{"rendered":"BEFRAGUNG ZU SMARTCITY-MASSNAHME"},"content":{"rendered":"\n<p>Im Rahmen des Modellprojekts Smartcity haben wieder alle B\u00fcrgerinnen und B\u00fcrger die M\u00f6glichkeit, sich aktiv in die Stadtentwicklung einzubringen. Hintergrund ist ein Smartcity-Vorhaben, in dem es darum geht, in der Geraer Innenstadt lokal oder regional erworbene Waren in Abholstationen zwischenzulagern. \u00dcber diese sogenannten Mikrodepots w\u00fcrde eine M\u00f6glichkeit geschaffen werden, auch au\u00dferhalb der Gesch\u00e4ftszeiten bestimmte Waren abzuholen. Rico Trost, Leiter des Amtes f\u00fcr Zentrale Steuerung und verantwortlich f\u00fcr Smartcity, erkl\u00e4rt hierzu:<\/p>\n\n\n\n<p>\u201eDie Abholstationen k\u00f6nnen ein guter Ansatz sein, den Bedarf an lokalen oder regionalen Produkten zu decken. Werden diese Waren zudem mit umweltfreundlichen Verkehrsmitteln transportiert oder wird das Abholen der Ware mit einem Besuch in der Innenstadt verkn\u00fcpft, gewinnt diese Idee noch mehr an Attraktivit\u00e4t und tr\u00e4gt zur Innenstadtbelebung bei.\u201c<\/p>\n\n\n\n<p>F\u00fcr eine sinnvolle Projektumsetzung ist es dem Arbeitskreis \u201eZukunft Mobilit\u00e4t\u201c des Smartcity-Teams der Stadt Gera wichtig, die Meinungen und W\u00fcnsche der Geraer Bev\u00f6lkerung, aber auch der Gewerbetreibenden zu erfahren. Daher wird auf der Internetseite \u201e<a href=\"https:\/\/unser.gera.de\/\">https:\/\/unser.gera.de\/<\/a>\u201c zu einer Umfrage zum Thema Mikrodepots eingeladen. Eine Umfrage richtet sich dabei an die potentiellen Verbraucher, eine andere Umfrage an die potentiellen Anbieter.<\/p>\n\n\n\n<p>Umfrage f\u00fcr B\u00fcrger<br><a href=\"https:\/\/evasys.dhge.de\/evasys\/online.php?p=Depot\">https:\/\/evasys.dhge.de\/evasys\/online.php?p=Depot<\/a><\/p>\n\n\n\n<p>Umfrage f\u00fcr Gewerbetreibende<br><a href=\"https:\/\/evasys.dhge.de\/evasys\/online.php?p=Mikrodepot\">https:\/\/evasys.dhge.de\/evasys\/online.php?p=Mikrodepot<\/a><\/p>\n\n\n\n<p>Eine Teilnahme ist bis Ende September 2022 m\u00f6glich. Die Befragungsergebnisse werden im Anschluss in die Entscheidung einflie\u00dfen, ob und in welcher Form es in Gera k\u00fcnftig Mikrodepots geben wird.<\/p>\n\n\n\n<p>Gera wurde im Juli 2019 als eine von 13 gef\u00f6rderten Smartcity-Modellkommunen ausgew\u00e4hlt. Smartcity Gera orientiert sich an den Werten sowie Zielstellungen der Smartcity-Charta und formuliert konkrete Anforderungen an Mitwirkung und Beteiligung, Barrierefreiheit und Inklusion, Sicherheit, Nachhaltigkeit, Ressourceneffizienz, Innovation und Bildung. Die F\u00f6rderung erfolgt durch das Bundesministerium f\u00fcr Wohnen, Stadtentwicklung und Bauwesen. Allgemeine Informationen zu Smartcity sind unter der Adresse \u201e<a href=\"https:\/\/unser.gera.de\/projekte\/Smartcity\/\">https:\/\/unser.gera.de\/projekte\/Smartcity\/<\/a>\u201c zu finden.<\/p>\n\n\n\n<p>QUELLE: STADTVERWALTUNG<\/p>\n","protected":false},"excerpt":{"rendered":"<div class=\"mh-excerpt\"><p>Im Rahmen des Modellprojekts Smartcity haben wieder alle B\u00fcrgerinnen und B\u00fcrger die M\u00f6glichkeit, sich aktiv in die Stadtentwicklung einzubringen. Hintergrund ist ein Smartcity-Vorhaben, in dem es darum geht, in der Geraer Innenstadt lokal oder regional <a class=\"mh-excerpt-more\" href=\"https:\/\/www.studiogera.de\/001\/2022\/08\/19\/befragung-zu-smartcity-massnahme\/\" title=\"BEFRAGUNG ZU SMARTCITY-MASSNAHME\">[&#8230;]<\/a><\/p>\n<\/div>","protected":false},"author":2,"featured_media":13852,"comment_status":"open","ping_status":"open","sticky":false,"template":"","format":"standard","meta":{"footnotes":""},"categories":[3],"tags":[],"class_list":{"0":"post-20235","1":"post","2":"type-post","3":"status-publish","4":"format-standard","5":"has-post-thumbnail","7":"category-lokal"},"_links":{"self":[{"href":"https:\/\/www.studiogera.de\/001\/wp-json\/wp\/v2\/posts\/20235","targetHints":{"allow":["GET"]}}],"collection":[{"href":"https:\/\/www.studiogera.de\/001\/wp-json\/wp\/v2\/posts"}],"about":[{"href":"https:\/\/www.studiogera.de\/001\/wp-json\/wp\/v2\/types\/post"}],"author":[{"embeddable":true,"href":"https:\/\/www.studiogera.de\/001\/wp-json\/wp\/v2\/users\/2"}],"replies":[{"embeddable":true,"href":"https:\/\/www.studiogera.de\/001\/wp-json\/wp\/v2\/comments?post=20235"}],"version-history":[{"count":1,"href":"https:\/\/www.studiogera.de\/001\/wp-json\/wp\/v2\/posts\/20235\/revisions"}],"predecessor-version":[{"id":20236,"href":"https:\/\/www.studiogera.de\/001\/wp-json\/wp\/v2\/posts\/20235\/revisions\/20236"}],"wp:featuredmedia":[{"embeddable":true,"href":"https:\/\/www.studiogera.de\/001\/wp-json\/wp\/v2\/media\/13852"}],"wp:attachment":[{"href":"https:\/\/www.studiogera.de\/001\/wp-json\/wp\/v2\/media?parent=20235"}],"wp:term":[{"taxonomy":"category","embeddable":true,"href":"https:\/\/www.studiogera.de\/001\/wp-json\/wp\/v2\/categories?post=20235"},{"taxonomy":"post_tag","embeddable":true,"href":"https:\/\/www.studiogera.de\/001\/wp-json\/wp\/v2\/tags?post=20235"}],"curies":[{"name":"wp","href":"https:\/\/api.w.org\/{rel}","templated":true}]}}