{"id":20237,"date":"2022-08-19T12:17:27","date_gmt":"2022-08-19T10:17:27","guid":{"rendered":"http:\/\/www.studiogera.de\/001\/?p=20237"},"modified":"2022-08-19T12:17:29","modified_gmt":"2022-08-19T10:17:29","slug":"fahrzeugdiebstahl-in-der-leibnizstrasse","status":"publish","type":"post","link":"https:\/\/www.studiogera.de\/001\/2022\/08\/19\/fahrzeugdiebstahl-in-der-leibnizstrasse\/","title":{"rendered":"FAHRZEUGDIEBSTAHL IN DER LEIBNIZSTRASSE"},"content":{"rendered":"\n<p>Ins Visier eines bislang noch unbekannten Diebs geriet in der Zeit zwischen dem 12. und 18. August ein wei\u00dfer Renault-Transporter. Nach ersten Erkenntnissen entwendete der T\u00e4ter das Fahrzeug vom Gel\u00e4nde eines Automobilhandels in der Leibnizstra\u00dfe, bevor ihm unerkannt die Flucht gelang. Die KPI Gera hat die Ermittlungen \u00fcbernommen und sucht in diesem Zusammenhang Zeugen, die Hinweise zur Tat oder dem T\u00e4ter geben k\u00f6nnen. Sachdienliche Hinweise werden unter der Telefonnummer 0365 82340 entgegengenommen.<\/p>\n","protected":false},"excerpt":{"rendered":"<div class=\"mh-excerpt\"><p>Ins Visier eines bislang noch unbekannten Diebs geriet in der Zeit zwischen dem 12. und 18. August ein wei\u00dfer Renault-Transporter. Nach ersten Erkenntnissen entwendete der T\u00e4ter das Fahrzeug vom Gel\u00e4nde eines Automobilhandels in der Leibnizstra\u00dfe, <a class=\"mh-excerpt-more\" href=\"https:\/\/www.studiogera.de\/001\/2022\/08\/19\/fahrzeugdiebstahl-in-der-leibnizstrasse\/\" title=\"FAHRZEUGDIEBSTAHL IN DER LEIBNIZSTRASSE\">[&#8230;]<\/a><\/p>\n<\/div>","protected":false},"author":2,"featured_media":9351,"comment_status":"open","ping_status":"open","sticky":false,"template":"","format":"standard","meta":{"footnotes":""},"categories":[13],"tags":[],"class_list":{"0":"post-20237","1":"post","2":"type-post","3":"status-publish","4":"format-standard","5":"has-post-thumbnail","7":"category-polizeiberichte"},"_links":{"self":[{"href":"https:\/\/www.studiogera.de\/001\/wp-json\/wp\/v2\/posts\/20237","targetHints":{"allow":["GET"]}}],"collection":[{"href":"https:\/\/www.studiogera.de\/001\/wp-json\/wp\/v2\/posts"}],"about":[{"href":"https:\/\/www.studiogera.de\/001\/wp-json\/wp\/v2\/types\/post"}],"author":[{"embeddable":true,"href":"https:\/\/www.studiogera.de\/001\/wp-json\/wp\/v2\/users\/2"}],"replies":[{"embeddable":true,"href":"https:\/\/www.studiogera.de\/001\/wp-json\/wp\/v2\/comments?post=20237"}],"version-history":[{"count":1,"href":"https:\/\/www.studiogera.de\/001\/wp-json\/wp\/v2\/posts\/20237\/revisions"}],"predecessor-version":[{"id":20238,"href":"https:\/\/www.studiogera.de\/001\/wp-json\/wp\/v2\/posts\/20237\/revisions\/20238"}],"wp:featuredmedia":[{"embeddable":true,"href":"https:\/\/www.studiogera.de\/001\/wp-json\/wp\/v2\/media\/9351"}],"wp:attachment":[{"href":"https:\/\/www.studiogera.de\/001\/wp-json\/wp\/v2\/media?parent=20237"}],"wp:term":[{"taxonomy":"category","embeddable":true,"href":"https:\/\/www.studiogera.de\/001\/wp-json\/wp\/v2\/categories?post=20237"},{"taxonomy":"post_tag","embeddable":true,"href":"https:\/\/www.studiogera.de\/001\/wp-json\/wp\/v2\/tags?post=20237"}],"curies":[{"name":"wp","href":"https:\/\/api.w.org\/{rel}","templated":true}]}}