{"id":20239,"date":"2022-08-19T12:19:29","date_gmt":"2022-08-19T10:19:29","guid":{"rendered":"http:\/\/www.studiogera.de\/001\/?p=20239"},"modified":"2022-08-19T12:19:31","modified_gmt":"2022-08-19T10:19:31","slug":"europaeischen-haftbefehl-in-gera-vollstreckt","status":"publish","type":"post","link":"https:\/\/www.studiogera.de\/001\/2022\/08\/19\/europaeischen-haftbefehl-in-gera-vollstreckt\/","title":{"rendered":"EUROP\u00c4ISCHEN HAFTBEFEHL IN GERA VOLLSTRECKT"},"content":{"rendered":"\n<p>Ein 33-j\u00e4hriger Mann zog am 18. August das Interesse der Geraer Polizei auf sich. Was war passiert? Zun\u00e4chst meldeten Mitarbeiter eines Einkaufszentrums der Polizei gegen 14.15 Uhr eine verd\u00e4chtige Person, die sich in der Heinrichstra\u00dfe aufhalten sollte. Als die Beamten den 33-J\u00e4hrigen sodann antrafen, stellte sich heraus, dass er \u00fcber einen europ\u00e4ischen Haftbefehl zur Festnahme ausgeschrieben war. Weiterhin konnte er als Tatverd\u00e4chtiger mit mehreren Diebst\u00e4hlen in Verbindung gebracht werden, die in den vergangenen Tagen in Bekleidungsgesch\u00e4ften in Erfurt und Weimar ver\u00fcbt worden waren. Insgesamt entstanden durch diese Taten Beutesch\u00e4den im vierstelligen Bereich. Der Mann wurde festgenommen. Gegen ihn wird seitens der KPI Gera nun wegen des Verdachts des gewerbsm\u00e4\u00dfigen Diebstahls ermittelt.<\/p>\n","protected":false},"excerpt":{"rendered":"<div class=\"mh-excerpt\"><p>Ein 33-j\u00e4hriger Mann zog am 18. August das Interesse der Geraer Polizei auf sich. Was war passiert? Zun\u00e4chst meldeten Mitarbeiter eines Einkaufszentrums der Polizei gegen 14.15 Uhr eine verd\u00e4chtige Person, die sich in der Heinrichstra\u00dfe <a class=\"mh-excerpt-more\" href=\"https:\/\/www.studiogera.de\/001\/2022\/08\/19\/europaeischen-haftbefehl-in-gera-vollstreckt\/\" title=\"EUROP\u00c4ISCHEN HAFTBEFEHL IN GERA VOLLSTRECKT\">[&#8230;]<\/a><\/p>\n<\/div>","protected":false},"author":2,"featured_media":15695,"comment_status":"open","ping_status":"open","sticky":false,"template":"","format":"standard","meta":{"footnotes":""},"categories":[13],"tags":[],"class_list":{"0":"post-20239","1":"post","2":"type-post","3":"status-publish","4":"format-standard","5":"has-post-thumbnail","7":"category-polizeiberichte"},"_links":{"self":[{"href":"https:\/\/www.studiogera.de\/001\/wp-json\/wp\/v2\/posts\/20239","targetHints":{"allow":["GET"]}}],"collection":[{"href":"https:\/\/www.studiogera.de\/001\/wp-json\/wp\/v2\/posts"}],"about":[{"href":"https:\/\/www.studiogera.de\/001\/wp-json\/wp\/v2\/types\/post"}],"author":[{"embeddable":true,"href":"https:\/\/www.studiogera.de\/001\/wp-json\/wp\/v2\/users\/2"}],"replies":[{"embeddable":true,"href":"https:\/\/www.studiogera.de\/001\/wp-json\/wp\/v2\/comments?post=20239"}],"version-history":[{"count":1,"href":"https:\/\/www.studiogera.de\/001\/wp-json\/wp\/v2\/posts\/20239\/revisions"}],"predecessor-version":[{"id":20240,"href":"https:\/\/www.studiogera.de\/001\/wp-json\/wp\/v2\/posts\/20239\/revisions\/20240"}],"wp:featuredmedia":[{"embeddable":true,"href":"https:\/\/www.studiogera.de\/001\/wp-json\/wp\/v2\/media\/15695"}],"wp:attachment":[{"href":"https:\/\/www.studiogera.de\/001\/wp-json\/wp\/v2\/media?parent=20239"}],"wp:term":[{"taxonomy":"category","embeddable":true,"href":"https:\/\/www.studiogera.de\/001\/wp-json\/wp\/v2\/categories?post=20239"},{"taxonomy":"post_tag","embeddable":true,"href":"https:\/\/www.studiogera.de\/001\/wp-json\/wp\/v2\/tags?post=20239"}],"curies":[{"name":"wp","href":"https:\/\/api.w.org\/{rel}","templated":true}]}}