{"id":20243,"date":"2022-08-19T12:37:33","date_gmt":"2022-08-19T10:37:33","guid":{"rendered":"http:\/\/www.studiogera.de\/001\/?p=20243"},"modified":"2022-08-19T12:37:35","modified_gmt":"2022-08-19T10:37:35","slug":"auffahrunfall-in-der-zoitzbergstrasse","status":"publish","type":"post","link":"https:\/\/www.studiogera.de\/001\/2022\/08\/19\/auffahrunfall-in-der-zoitzbergstrasse\/","title":{"rendered":"AUFFAHRUNFALL IN DER ZOITZBERGSTRASSE"},"content":{"rendered":"\n<p>Zu einem Verkehrsunfall mit Personenschaden kam es am 18. August gegen 15.45 Uhr in der Zoitzbergstra\u00dfe. Wie der Polizei bekannt wurde, befuhren der 31-j\u00e4hrige Fahrer eines Kraftrades Yamaha sowie der 24-j\u00e4hrige Fahrer eines PKW VW die Zoitzbergstra\u00dfe in Richtung Vogtlandstra\u00dfe. Als der 31-j\u00e4hrige Kraftradfahrer am Zubringer zur Vogtlandstra\u00dfe verkehrsbedingt halten musste, fuhr der 24-J\u00e4hrige auf. Der Kraftradfahrer wurde durch die Kollision leicht verletzt und musste medizinisch versorgt werden. An beiden Fahrzeugen entstanden Sch\u00e4den in H\u00f6he von mehreren tausend Euro. Die Polizei ermittelt gegenw\u00e4rtig zur Unfallursache.<\/p>\n","protected":false},"excerpt":{"rendered":"<div class=\"mh-excerpt\"><p>Zu einem Verkehrsunfall mit Personenschaden kam es am 18. August gegen 15.45 Uhr in der Zoitzbergstra\u00dfe. Wie der Polizei bekannt wurde, befuhren der 31-j\u00e4hrige Fahrer eines Kraftrades Yamaha sowie der 24-j\u00e4hrige Fahrer eines PKW VW <a class=\"mh-excerpt-more\" href=\"https:\/\/www.studiogera.de\/001\/2022\/08\/19\/auffahrunfall-in-der-zoitzbergstrasse\/\" title=\"AUFFAHRUNFALL IN DER ZOITZBERGSTRASSE\">[&#8230;]<\/a><\/p>\n<\/div>","protected":false},"author":2,"featured_media":9352,"comment_status":"open","ping_status":"open","sticky":false,"template":"","format":"standard","meta":{"footnotes":""},"categories":[13],"tags":[],"class_list":{"0":"post-20243","1":"post","2":"type-post","3":"status-publish","4":"format-standard","5":"has-post-thumbnail","7":"category-polizeiberichte"},"_links":{"self":[{"href":"https:\/\/www.studiogera.de\/001\/wp-json\/wp\/v2\/posts\/20243","targetHints":{"allow":["GET"]}}],"collection":[{"href":"https:\/\/www.studiogera.de\/001\/wp-json\/wp\/v2\/posts"}],"about":[{"href":"https:\/\/www.studiogera.de\/001\/wp-json\/wp\/v2\/types\/post"}],"author":[{"embeddable":true,"href":"https:\/\/www.studiogera.de\/001\/wp-json\/wp\/v2\/users\/2"}],"replies":[{"embeddable":true,"href":"https:\/\/www.studiogera.de\/001\/wp-json\/wp\/v2\/comments?post=20243"}],"version-history":[{"count":1,"href":"https:\/\/www.studiogera.de\/001\/wp-json\/wp\/v2\/posts\/20243\/revisions"}],"predecessor-version":[{"id":20244,"href":"https:\/\/www.studiogera.de\/001\/wp-json\/wp\/v2\/posts\/20243\/revisions\/20244"}],"wp:featuredmedia":[{"embeddable":true,"href":"https:\/\/www.studiogera.de\/001\/wp-json\/wp\/v2\/media\/9352"}],"wp:attachment":[{"href":"https:\/\/www.studiogera.de\/001\/wp-json\/wp\/v2\/media?parent=20243"}],"wp:term":[{"taxonomy":"category","embeddable":true,"href":"https:\/\/www.studiogera.de\/001\/wp-json\/wp\/v2\/categories?post=20243"},{"taxonomy":"post_tag","embeddable":true,"href":"https:\/\/www.studiogera.de\/001\/wp-json\/wp\/v2\/tags?post=20243"}],"curies":[{"name":"wp","href":"https:\/\/api.w.org\/{rel}","templated":true}]}}