{"id":20329,"date":"2022-08-25T12:17:58","date_gmt":"2022-08-25T10:17:58","guid":{"rendered":"http:\/\/www.studiogera.de\/001\/?p=20329"},"modified":"2022-08-25T12:18:01","modified_gmt":"2022-08-25T10:18:01","slug":"kpi-ermittelt-nach-fenstersturz-in-der-friedrich-engels-strasse","status":"publish","type":"post","link":"https:\/\/www.studiogera.de\/001\/2022\/08\/25\/kpi-ermittelt-nach-fenstersturz-in-der-friedrich-engels-strasse\/","title":{"rendered":"KPI ERMITTELT NACH FENSTERSTURZ IN DER FRIEDRICH-ENGELS-STRASSE"},"content":{"rendered":"\n<p>Rettungsdienst, Notarzt und Polizei kamen am 24. August in der Friedrich-Engels-Stra\u00dfe zum Einsatz, nachdem gegen 20.30 Uhr \u00fcber die Rettungsleitstelle bekannt geworden war, dass eine Person aus dem Fenster eines Mehrfamilienhauses auf die Stra\u00dfe gest\u00fcrzt sei. Der 39-j\u00e4hrige Mann erlag noch vor Ort seinen Verletzungen. Gegenw\u00e4rtig ermittelt die KPI Gera zum Geschehen und den Todesumst\u00e4nden. Vor dem Hintergrund der laufenden Ermittlungen sind derzeit keine weiteren Ausk\u00fcnfte m\u00f6glich.<\/p>\n","protected":false},"excerpt":{"rendered":"<div class=\"mh-excerpt\"><p>Rettungsdienst, Notarzt und Polizei kamen am 24. August in der Friedrich-Engels-Stra\u00dfe zum Einsatz, nachdem gegen 20.30 Uhr \u00fcber die Rettungsleitstelle bekannt geworden war, dass eine Person aus dem Fenster eines Mehrfamilienhauses auf die Stra\u00dfe gest\u00fcrzt <a class=\"mh-excerpt-more\" href=\"https:\/\/www.studiogera.de\/001\/2022\/08\/25\/kpi-ermittelt-nach-fenstersturz-in-der-friedrich-engels-strasse\/\" title=\"KPI ERMITTELT NACH FENSTERSTURZ IN DER FRIEDRICH-ENGELS-STRASSE\">[&#8230;]<\/a><\/p>\n<\/div>","protected":false},"author":3,"featured_media":9351,"comment_status":"open","ping_status":"open","sticky":false,"template":"","format":"standard","meta":{"footnotes":""},"categories":[13],"tags":[],"class_list":{"0":"post-20329","1":"post","2":"type-post","3":"status-publish","4":"format-standard","5":"has-post-thumbnail","7":"category-polizeiberichte"},"_links":{"self":[{"href":"https:\/\/www.studiogera.de\/001\/wp-json\/wp\/v2\/posts\/20329","targetHints":{"allow":["GET"]}}],"collection":[{"href":"https:\/\/www.studiogera.de\/001\/wp-json\/wp\/v2\/posts"}],"about":[{"href":"https:\/\/www.studiogera.de\/001\/wp-json\/wp\/v2\/types\/post"}],"author":[{"embeddable":true,"href":"https:\/\/www.studiogera.de\/001\/wp-json\/wp\/v2\/users\/3"}],"replies":[{"embeddable":true,"href":"https:\/\/www.studiogera.de\/001\/wp-json\/wp\/v2\/comments?post=20329"}],"version-history":[{"count":1,"href":"https:\/\/www.studiogera.de\/001\/wp-json\/wp\/v2\/posts\/20329\/revisions"}],"predecessor-version":[{"id":20330,"href":"https:\/\/www.studiogera.de\/001\/wp-json\/wp\/v2\/posts\/20329\/revisions\/20330"}],"wp:featuredmedia":[{"embeddable":true,"href":"https:\/\/www.studiogera.de\/001\/wp-json\/wp\/v2\/media\/9351"}],"wp:attachment":[{"href":"https:\/\/www.studiogera.de\/001\/wp-json\/wp\/v2\/media?parent=20329"}],"wp:term":[{"taxonomy":"category","embeddable":true,"href":"https:\/\/www.studiogera.de\/001\/wp-json\/wp\/v2\/categories?post=20329"},{"taxonomy":"post_tag","embeddable":true,"href":"https:\/\/www.studiogera.de\/001\/wp-json\/wp\/v2\/tags?post=20329"}],"curies":[{"name":"wp","href":"https:\/\/api.w.org\/{rel}","templated":true}]}}