{"id":20334,"date":"2022-08-26T09:42:53","date_gmt":"2022-08-26T07:42:53","guid":{"rendered":"http:\/\/www.studiogera.de\/001\/?p=20334"},"modified":"2022-08-26T09:42:55","modified_gmt":"2022-08-26T07:42:55","slug":"sommerfest-der-protestbewegung","status":"publish","type":"post","link":"https:\/\/www.studiogera.de\/001\/2022\/08\/26\/sommerfest-der-protestbewegung\/","title":{"rendered":"SOMMERFEST DER PROTESTBEWEGUNG"},"content":{"rendered":"\n<p>Die Protestbewegung hat f\u00fcr Freitag ein Sommerfest auf dem Hofwiesenparkplatz angek\u00fcndigt. In der Zeit von 16.30 Uhr bis 21.30 Uhr werden eine H\u00fcpfburg f\u00fcr Kinder, Speisen und Getr\u00e4nke angeboten. F\u00fcr 20.30 Uhr ist ein Gang durch die Stadt geplant. Die Veranstaltung richtet sich gegen die derzeitige Energie- und Corona-Politik und endet mit einem Abschlussfeuerwerk. Unterst\u00fctzt wird sie von der Vereinigung &#8222;Unternehmer mit Herz&#8220;, der Gruppe &#8222;Freie Jugend&#8220; sowie dem B\u00fcndnis &#8222;Freies Th\u00fcringen&#8220;.<\/p>\n","protected":false},"excerpt":{"rendered":"<div class=\"mh-excerpt\"><p>Die Protestbewegung hat f\u00fcr Freitag ein Sommerfest auf dem Hofwiesenparkplatz angek\u00fcndigt. In der Zeit von 16.30 Uhr bis 21.30 Uhr werden eine H\u00fcpfburg f\u00fcr Kinder, Speisen und Getr\u00e4nke angeboten. F\u00fcr 20.30 Uhr ist ein Gang <a class=\"mh-excerpt-more\" href=\"https:\/\/www.studiogera.de\/001\/2022\/08\/26\/sommerfest-der-protestbewegung\/\" title=\"SOMMERFEST DER PROTESTBEWEGUNG\">[&#8230;]<\/a><\/p>\n<\/div>","protected":false},"author":3,"featured_media":13634,"comment_status":"open","ping_status":"open","sticky":false,"template":"","format":"standard","meta":{"footnotes":""},"categories":[16],"tags":[],"class_list":{"0":"post-20334","1":"post","2":"type-post","3":"status-publish","4":"format-standard","5":"has-post-thumbnail","7":"category-kurzmitteilungen"},"_links":{"self":[{"href":"https:\/\/www.studiogera.de\/001\/wp-json\/wp\/v2\/posts\/20334","targetHints":{"allow":["GET"]}}],"collection":[{"href":"https:\/\/www.studiogera.de\/001\/wp-json\/wp\/v2\/posts"}],"about":[{"href":"https:\/\/www.studiogera.de\/001\/wp-json\/wp\/v2\/types\/post"}],"author":[{"embeddable":true,"href":"https:\/\/www.studiogera.de\/001\/wp-json\/wp\/v2\/users\/3"}],"replies":[{"embeddable":true,"href":"https:\/\/www.studiogera.de\/001\/wp-json\/wp\/v2\/comments?post=20334"}],"version-history":[{"count":1,"href":"https:\/\/www.studiogera.de\/001\/wp-json\/wp\/v2\/posts\/20334\/revisions"}],"predecessor-version":[{"id":20335,"href":"https:\/\/www.studiogera.de\/001\/wp-json\/wp\/v2\/posts\/20334\/revisions\/20335"}],"wp:featuredmedia":[{"embeddable":true,"href":"https:\/\/www.studiogera.de\/001\/wp-json\/wp\/v2\/media\/13634"}],"wp:attachment":[{"href":"https:\/\/www.studiogera.de\/001\/wp-json\/wp\/v2\/media?parent=20334"}],"wp:term":[{"taxonomy":"category","embeddable":true,"href":"https:\/\/www.studiogera.de\/001\/wp-json\/wp\/v2\/categories?post=20334"},{"taxonomy":"post_tag","embeddable":true,"href":"https:\/\/www.studiogera.de\/001\/wp-json\/wp\/v2\/tags?post=20334"}],"curies":[{"name":"wp","href":"https:\/\/api.w.org\/{rel}","templated":true}]}}