{"id":20336,"date":"2022-08-26T12:40:48","date_gmt":"2022-08-26T10:40:48","guid":{"rendered":"http:\/\/www.studiogera.de\/001\/?p=20336"},"modified":"2022-08-26T12:40:49","modified_gmt":"2022-08-26T10:40:49","slug":"mp-bodo-ramelow-besucht-lusan","status":"publish","type":"post","link":"https:\/\/www.studiogera.de\/001\/2022\/08\/26\/mp-bodo-ramelow-besucht-lusan\/","title":{"rendered":"MP BODO RAMELOW BESUCHT LUSAN"},"content":{"rendered":"\n<p>Sozialdezernentin Sandra Wanzar und Baudezernent Michael Sonntag empfingen am 25. August 2022 in Gera Ministerpr\u00e4sident Bodo Ramelow und stellten ihm die derzeitigen Pl\u00e4ne zum Bildungscampus Lusan vor.<\/p>\n\n\n\n<p>W\u00e4hrend einer gemeinsamen Vor-Ort-Begehung warb Sandra Wanzar daf\u00fcr, in Geras gr\u00f6\u00dftem Stadtteil Lusan mittelfristig einen neuen innovativen Ort des Lernens und der Begegnung zu schaffen. Die integrierte Arbeit auf einem Campus biete die Chance, die neu entstehende Infrastruktur der Grundschule \u201eWilhelm Busch\u201c und der Regelschule \u201eDie Vierte\u201c gemeinsam zug\u00e4nglich zu machen. Der Campus soll dar\u00fcber hinaus als zusammenh\u00e4ngender Aktions- und Gr\u00fcnraum den gesamten Sozialraum aufwerten:<\/p>\n\n\n\n<blockquote class=\"wp-block-quote is-layout-flow wp-block-quote-is-layout-flow\"><p>\u201eSchule darf nicht mehr allein f\u00fcr sich, sondern muss als gesamter Lebensraum betrachtet werden. Der Campus wird Vorreiter modernen Lernens werden, indem schulische und au\u00dferschulische Orte sinnvoll miteinander kombiniert werden. Es entsteht ein Ort der Bildung und der sozialen Teilhabe \u2013 Lusans Zentrum wird damit insgesamt f\u00fcr alle B\u00fcrgerinnen und B\u00fcrger attraktiver.\u201c<\/p><\/blockquote>\n\n\n\n<p>Es sei ihr wichtig, insbesondere auch auf landespolitischer Ebene die Potenziale unserer Stadt zu zeigen, die mit Gro\u00dfprojekten f\u00fcr Generationen nachhaltig und fortschrittlich Entwicklungschancen gestalten wird.<\/p>\n\n\n\n<p>F\u00fcr Baudezernent Michael Sonntag ist der Campus st\u00e4dtebaulich betrachtet h\u00f6chst interessant:<\/p>\n\n\n\n<blockquote class=\"wp-block-quote is-layout-flow wp-block-quote-is-layout-flow\"><p>\u201eDer Bildungscampus stellt auch f\u00fcr die Stadtentwicklung in Geras gr\u00f6\u00dftem Stadtteil einen Meilenstein dar. Die anstehenden Investitionen der Stadt werden das Stadtteilzentrum st\u00e4rken und geben hoffentlich einen Impuls f\u00fcr das angrenzende brachliegende ehemalige Plzen-Center. Ich bin dazu mit dem Eigent\u00fcmer in Kontakt.\u201c<\/p><\/blockquote>\n\n\n\n<p>Unter den weiteren G\u00e4sten waren auch der Schulleiter der Grundschule \u201eWilhelm Busch\u201c Fred Hamann, die Schulleiterin der Regelschule \u201eDie Vierte\u201c Britta Stiller und Referatsleiter Henry Fischer vom Staatlichen Schulamt Ostth\u00fcringen.<\/p>\n\n\n\n<p>Mit dem Schulnetzplan der Stadt Gera f\u00fcr die Schuljahre 2016\/2017 bis 2021\/2022 hatte der Stadtrat bereits im M\u00e4rz 2017 die Komplettsanierung des Schulgeb\u00e4udes, der Sporthalle und der Au\u00dfenanlagen\u201c der Regelschule \u201eDie Vierte\u201c beschlossen. Seit 2019 wird die Regelschule gemeinsam mit der Grundschule \u201eWilhelm Busch\u201c, den zugeh\u00f6rigen Sporthallen, den weitl\u00e4ufigen Au\u00dfenanlagen und dem leer stehenden Geb\u00e4ude Elsterberger Stra\u00dfe 6 als \u201eBildungscampus Lusan\u201c betrachtet und ist so auch im aktuellen Schulnetzplan festgeschrieben. Die Bauma\u00dfnahmen mit einem finanziellen Gesamtvolumen von rund 34 Millionen Euro sollen im Jahre 2024 beginnen.<\/p>\n\n\n\n<p>Th\u00fcringens Ministerpr\u00e4sident Bodo Ramelow befindet sich derzeit auf Th\u00fcringen-Tour und besuchte Gera in dieser Woche, KW 34\/2022, bereits zum zweiten Mal.<\/p>\n\n\n\n<p>QUELLE: STADTVERWALTUNG<\/p>\n","protected":false},"excerpt":{"rendered":"<div class=\"mh-excerpt\"><p>Sozialdezernentin Sandra Wanzar und Baudezernent Michael Sonntag empfingen am 25. August 2022 in Gera Ministerpr\u00e4sident Bodo Ramelow und stellten ihm die derzeitigen Pl\u00e4ne zum Bildungscampus Lusan vor. W\u00e4hrend einer gemeinsamen Vor-Ort-Begehung warb Sandra Wanzar daf\u00fcr, <a class=\"mh-excerpt-more\" href=\"https:\/\/www.studiogera.de\/001\/2022\/08\/26\/mp-bodo-ramelow-besucht-lusan\/\" title=\"MP BODO RAMELOW BESUCHT LUSAN\">[&#8230;]<\/a><\/p>\n<\/div>","protected":false},"author":2,"featured_media":20337,"comment_status":"open","ping_status":"open","sticky":false,"template":"","format":"standard","meta":{"footnotes":""},"categories":[3],"tags":[],"class_list":{"0":"post-20336","1":"post","2":"type-post","3":"status-publish","4":"format-standard","5":"has-post-thumbnail","7":"category-lokal"},"_links":{"self":[{"href":"https:\/\/www.studiogera.de\/001\/wp-json\/wp\/v2\/posts\/20336","targetHints":{"allow":["GET"]}}],"collection":[{"href":"https:\/\/www.studiogera.de\/001\/wp-json\/wp\/v2\/posts"}],"about":[{"href":"https:\/\/www.studiogera.de\/001\/wp-json\/wp\/v2\/types\/post"}],"author":[{"embeddable":true,"href":"https:\/\/www.studiogera.de\/001\/wp-json\/wp\/v2\/users\/2"}],"replies":[{"embeddable":true,"href":"https:\/\/www.studiogera.de\/001\/wp-json\/wp\/v2\/comments?post=20336"}],"version-history":[{"count":1,"href":"https:\/\/www.studiogera.de\/001\/wp-json\/wp\/v2\/posts\/20336\/revisions"}],"predecessor-version":[{"id":20338,"href":"https:\/\/www.studiogera.de\/001\/wp-json\/wp\/v2\/posts\/20336\/revisions\/20338"}],"wp:featuredmedia":[{"embeddable":true,"href":"https:\/\/www.studiogera.de\/001\/wp-json\/wp\/v2\/media\/20337"}],"wp:attachment":[{"href":"https:\/\/www.studiogera.de\/001\/wp-json\/wp\/v2\/media?parent=20336"}],"wp:term":[{"taxonomy":"category","embeddable":true,"href":"https:\/\/www.studiogera.de\/001\/wp-json\/wp\/v2\/categories?post=20336"},{"taxonomy":"post_tag","embeddable":true,"href":"https:\/\/www.studiogera.de\/001\/wp-json\/wp\/v2\/tags?post=20336"}],"curies":[{"name":"wp","href":"https:\/\/api.w.org\/{rel}","templated":true}]}}