{"id":20343,"date":"2022-08-26T23:20:33","date_gmt":"2022-08-26T21:20:33","guid":{"rendered":"http:\/\/www.studiogera.de\/001\/?p=20343"},"modified":"2022-08-26T23:20:36","modified_gmt":"2022-08-26T21:20:36","slug":"zwei-versammlungen-am-freitag","status":"publish","type":"post","link":"https:\/\/www.studiogera.de\/001\/2022\/08\/26\/zwei-versammlungen-am-freitag\/","title":{"rendered":"ZWEI VERSAMMLUNGEN AM FREITAG"},"content":{"rendered":"\n<p>Aufgrund zwei angemeldeter Versammlungen war die Landespolizeiinspektion Gera ab Freitagmittag 13 Uhr mit eigenen und unterst\u00fctzenden Einsatzkr\u00e4ften aus Th\u00fcringen im Stadtbereich im Einsatz. Insgesamt beteiligten sich an den Versammlungen, abgehalten zwischen 13 Uhr und 22 Uhr, 372 Personen. Die beiden Versammlungen wurden polizeilich begleitet und abgesichert. Dabei demonstrierten in der Zeit von 13 Uhr bis 17.40 Uhr insgesamt 72 Personen anl\u00e4sslich des &#8222;Wear it Purple Day&#8220; auf dem Vorplatz des Kultur- und Kongresszentrums. An die Standkundgebung schloss sich ein Aufzug durch das Stadtzentrum an. Ab 17 Uhr fand auf dem Parkplatz des Hofwiesenparkes eine Versammlung unter dem Motto &#8222;Sommer- und Familienfest der Spazierg\u00e4nger&#8220; statt, an der sich bis 22 Uhr 300 Personen beteiligten. Den Abschluss dieser Versammlung bildete ab 20.40 Uhr ein Aufzug durch die Innenstadt Geras sowie ein angemeldetes Feuerwerk. In der Gesamtschau verliefen alle Versammlungen st\u00f6rungsfrei. Insbesondere w\u00e4hrend der Absicherung der Aufz\u00fcge kam es punktuell kurzzeitig zu Verkehrssperrungen und entsprechenden Einschr\u00e4nkungen. Diese wurden seitens der eingesetzten Polizeikr\u00e4fte auf ein unvermeidbares Minimum reduziert.\u00a0<\/p>\n","protected":false},"excerpt":{"rendered":"<div class=\"mh-excerpt\"><p>Aufgrund zwei angemeldeter Versammlungen war die Landespolizeiinspektion Gera ab Freitagmittag 13 Uhr mit eigenen und unterst\u00fctzenden Einsatzkr\u00e4ften aus Th\u00fcringen im Stadtbereich im Einsatz. Insgesamt beteiligten sich an den Versammlungen, abgehalten zwischen 13 Uhr und 22 <a class=\"mh-excerpt-more\" href=\"https:\/\/www.studiogera.de\/001\/2022\/08\/26\/zwei-versammlungen-am-freitag\/\" title=\"ZWEI VERSAMMLUNGEN AM FREITAG\">[&#8230;]<\/a><\/p>\n<\/div>","protected":false},"author":3,"featured_media":18112,"comment_status":"open","ping_status":"open","sticky":false,"template":"","format":"standard","meta":{"footnotes":""},"categories":[13],"tags":[],"class_list":{"0":"post-20343","1":"post","2":"type-post","3":"status-publish","4":"format-standard","5":"has-post-thumbnail","7":"category-polizeiberichte"},"_links":{"self":[{"href":"https:\/\/www.studiogera.de\/001\/wp-json\/wp\/v2\/posts\/20343","targetHints":{"allow":["GET"]}}],"collection":[{"href":"https:\/\/www.studiogera.de\/001\/wp-json\/wp\/v2\/posts"}],"about":[{"href":"https:\/\/www.studiogera.de\/001\/wp-json\/wp\/v2\/types\/post"}],"author":[{"embeddable":true,"href":"https:\/\/www.studiogera.de\/001\/wp-json\/wp\/v2\/users\/3"}],"replies":[{"embeddable":true,"href":"https:\/\/www.studiogera.de\/001\/wp-json\/wp\/v2\/comments?post=20343"}],"version-history":[{"count":1,"href":"https:\/\/www.studiogera.de\/001\/wp-json\/wp\/v2\/posts\/20343\/revisions"}],"predecessor-version":[{"id":20344,"href":"https:\/\/www.studiogera.de\/001\/wp-json\/wp\/v2\/posts\/20343\/revisions\/20344"}],"wp:featuredmedia":[{"embeddable":true,"href":"https:\/\/www.studiogera.de\/001\/wp-json\/wp\/v2\/media\/18112"}],"wp:attachment":[{"href":"https:\/\/www.studiogera.de\/001\/wp-json\/wp\/v2\/media?parent=20343"}],"wp:term":[{"taxonomy":"category","embeddable":true,"href":"https:\/\/www.studiogera.de\/001\/wp-json\/wp\/v2\/categories?post=20343"},{"taxonomy":"post_tag","embeddable":true,"href":"https:\/\/www.studiogera.de\/001\/wp-json\/wp\/v2\/tags?post=20343"}],"curies":[{"name":"wp","href":"https:\/\/api.w.org\/{rel}","templated":true}]}}