{"id":20345,"date":"2022-08-26T23:45:01","date_gmt":"2022-08-26T21:45:01","guid":{"rendered":"http:\/\/www.studiogera.de\/001\/?p=20345"},"modified":"2022-08-27T00:04:04","modified_gmt":"2022-08-26T22:04:04","slug":"der-blick-auf-die-kommenden-tage","status":"publish","type":"post","link":"https:\/\/www.studiogera.de\/001\/2022\/08\/26\/der-blick-auf-die-kommenden-tage\/","title":{"rendered":"DER BLICK AUF DIE KOMMENDEN TAGE"},"content":{"rendered":"\n<p>Eine Gespr\u00e4chsrunde des Jugendrates Gera mit Staatssekret\u00e4rin Katharina Schenk findet am Montag, den 29. August 2022, in der Tonhalle statt. Mit dabei sind Oberb\u00fcrgermeister Julian Vonarb und die Leiterin des Stadtjugendrings, Ines Wegner.<\/p>\n\n\n\n<p>Am Dienstag beginnt das Elektromobil-Projekt \u201eKIMI\u201c. Die Abk\u00fcrzung steht f\u00fcr &#8222;klein, intelligent, mobil, innovativ&#8220;. Mit dabei sind die Wirtschaftsf\u00f6rderung der Stadt Gera, das Unternehmen TAG Wohnen &amp; Service sowie die Fahrschule Mike Fischer.<\/p>\n\n\n\n<p>Am Freitag, den 2. September, wird der neue Polizeidirektor, Matthias Zacher, in sein Amt eingef\u00fchrt. Innenminister Georg Maier und Oberb\u00fcrgermeister Julian Vonarb werden vor Ort sein. Eine Einb\u00fcrgerungsfeier der Stadt Gera steht am 2. September ebenfalls auf dem Programm. Angek\u00fcndigt haben sich die Dezernentin f\u00fcr Jugend und Soziales, Sandra Wanzar, und die Migrations- und Integrationsbeauftragte Nicole Landmann.<\/p>\n\n\n\n<p>Am 3. September wird die Ostschule feierlich er\u00f6ffnet. Um 13 Uhr beginnt das Sommerfest im Stadtteil Zw\u00f6tzen.<\/p>\n\n\n\n<p>Vom 8. bis 10. September finden auf dem Marktplatz die Herbstmarkttage statt.<\/p>\n","protected":false},"excerpt":{"rendered":"<div class=\"mh-excerpt\"><p>Eine Gespr\u00e4chsrunde des Jugendrates Gera mit Staatssekret\u00e4rin Katharina Schenk findet am Montag, den 29. August 2022, in der Tonhalle statt. Mit dabei sind Oberb\u00fcrgermeister Julian Vonarb und die Leiterin des Stadtjugendrings, Ines Wegner. Am Dienstag <a class=\"mh-excerpt-more\" href=\"https:\/\/www.studiogera.de\/001\/2022\/08\/26\/der-blick-auf-die-kommenden-tage\/\" title=\"DER BLICK AUF DIE KOMMENDEN TAGE\">[&#8230;]<\/a><\/p>\n<\/div>","protected":false},"author":3,"featured_media":6809,"comment_status":"open","ping_status":"open","sticky":false,"template":"","format":"standard","meta":{"footnotes":""},"categories":[16],"tags":[],"class_list":{"0":"post-20345","1":"post","2":"type-post","3":"status-publish","4":"format-standard","5":"has-post-thumbnail","7":"category-kurzmitteilungen"},"_links":{"self":[{"href":"https:\/\/www.studiogera.de\/001\/wp-json\/wp\/v2\/posts\/20345","targetHints":{"allow":["GET"]}}],"collection":[{"href":"https:\/\/www.studiogera.de\/001\/wp-json\/wp\/v2\/posts"}],"about":[{"href":"https:\/\/www.studiogera.de\/001\/wp-json\/wp\/v2\/types\/post"}],"author":[{"embeddable":true,"href":"https:\/\/www.studiogera.de\/001\/wp-json\/wp\/v2\/users\/3"}],"replies":[{"embeddable":true,"href":"https:\/\/www.studiogera.de\/001\/wp-json\/wp\/v2\/comments?post=20345"}],"version-history":[{"count":2,"href":"https:\/\/www.studiogera.de\/001\/wp-json\/wp\/v2\/posts\/20345\/revisions"}],"predecessor-version":[{"id":20347,"href":"https:\/\/www.studiogera.de\/001\/wp-json\/wp\/v2\/posts\/20345\/revisions\/20347"}],"wp:featuredmedia":[{"embeddable":true,"href":"https:\/\/www.studiogera.de\/001\/wp-json\/wp\/v2\/media\/6809"}],"wp:attachment":[{"href":"https:\/\/www.studiogera.de\/001\/wp-json\/wp\/v2\/media?parent=20345"}],"wp:term":[{"taxonomy":"category","embeddable":true,"href":"https:\/\/www.studiogera.de\/001\/wp-json\/wp\/v2\/categories?post=20345"},{"taxonomy":"post_tag","embeddable":true,"href":"https:\/\/www.studiogera.de\/001\/wp-json\/wp\/v2\/tags?post=20345"}],"curies":[{"name":"wp","href":"https:\/\/api.w.org\/{rel}","templated":true}]}}