{"id":20348,"date":"2022-08-27T10:34:12","date_gmt":"2022-08-27T08:34:12","guid":{"rendered":"http:\/\/www.studiogera.de\/001\/?p=20348"},"modified":"2022-08-27T10:34:14","modified_gmt":"2022-08-27T08:34:14","slug":"weitere-medien-nachrichten","status":"publish","type":"post","link":"https:\/\/www.studiogera.de\/001\/2022\/08\/27\/weitere-medien-nachrichten\/","title":{"rendered":"WEITERE MEDIEN-NACHRICHTEN"},"content":{"rendered":"\n<p>Dem Norddeutschen Rundfunk wird Hofberichterstattung vorgeworfen. Betroffen ist das Landesfunkhaus Schleswig-Holstein. Nachdem dort mehrere Mitarbeiter \u00fcber ein Klima der Angst und einen \u201epolitischen Filter\u201c durch die Vorgesetzten geklagt hatten, berichteten die Magazine \u201eBusiness Insider\u201c und \u201eStern\u201c \u00fcber die Vorf\u00e4lle. Nun will sich der NDR-Landesrundfunkrat Schleswig-Holstein mit dem Sachverhalt auseinandersetzen.<\/p>\n\n\n\n<p>Das deutschsprachige RTL-Fernsehprogramm hat ein neues Nachrichtenstudio. Die Inbetriebnahme ist f\u00fcr den 4. September 2022 geplant. Vorgesehen ist es f\u00fcr die Sendung \u201eRTL aktuell\u201c, das \u201eRTL-Nachtjournal\u201c sowie die Punkt-Sendungen. Damit werden dort t\u00e4glich insgesamt sieben Stunden Programm produziert.<\/p>\n\n\n\n<p>Der seit Juli 2022 in Betrieb befindliche Youtube-Kanal \u201eAchtung, Reichelt!\u201c hat steigende Abonnentenzahlen. Die Zahl stieg von 108&#8217;000 am 12. August 2022 auf 131&#8217;000 am 27. August 2022. Seit der Anmeldung des Accounts am 7. April 2022 werden insgesamt 6&#8217;144&#8217;543 Aufrufe gez\u00e4hlt. Reichelt beschreibt sich als der sch\u00e4rfste Widersacher von Spin, erdr\u00fcckenden Narrativen, Ideologien, Bigotterie und Scheinheiligkeit in der Politik. Zuvor war er leitender Redakteur bei der Zeitung \u201eBild\u201c. Kritiker beschreiben den Kanal als rechtspopulistisch und sehen eine Ann\u00e4herung an die verschw\u00f6rungsideologische Szene.<\/p>\n\n\n\n<p>Die Direktorin des MDR-Landesfunkhauses Sachsen-Anhalt\u00a0ist zur\u00fcckgetreten. Als Grund gibt die ARD-Anstalt mangelnde Transparenz gegen\u00fcber dem Sender an. Ihr Ehemann soll vor \u00fcber zehn Jahren in der Causa Foht eine Rolle gespielt haben. Bei dem im Jahre 2011 aufgedeckten Skandal geht es um Filz und Geldschiebereien. Die Direktorin hatte einen Vertrag von Anfang 2021 bis Ende 2025.<\/p>\n","protected":false},"excerpt":{"rendered":"<div class=\"mh-excerpt\"><p>Dem Norddeutschen Rundfunk wird Hofberichterstattung vorgeworfen. Betroffen ist das Landesfunkhaus Schleswig-Holstein. Nachdem dort mehrere Mitarbeiter \u00fcber ein Klima der Angst und einen \u201epolitischen Filter\u201c durch die Vorgesetzten geklagt hatten, berichteten die Magazine \u201eBusiness Insider\u201c und <a class=\"mh-excerpt-more\" href=\"https:\/\/www.studiogera.de\/001\/2022\/08\/27\/weitere-medien-nachrichten\/\" title=\"WEITERE MEDIEN-NACHRICHTEN\">[&#8230;]<\/a><\/p>\n<\/div>","protected":false},"author":2,"featured_media":15480,"comment_status":"open","ping_status":"open","sticky":false,"template":"","format":"standard","meta":{"footnotes":""},"categories":[17],"tags":[],"class_list":{"0":"post-20348","1":"post","2":"type-post","3":"status-publish","4":"format-standard","5":"has-post-thumbnail","7":"category-medien"},"_links":{"self":[{"href":"https:\/\/www.studiogera.de\/001\/wp-json\/wp\/v2\/posts\/20348","targetHints":{"allow":["GET"]}}],"collection":[{"href":"https:\/\/www.studiogera.de\/001\/wp-json\/wp\/v2\/posts"}],"about":[{"href":"https:\/\/www.studiogera.de\/001\/wp-json\/wp\/v2\/types\/post"}],"author":[{"embeddable":true,"href":"https:\/\/www.studiogera.de\/001\/wp-json\/wp\/v2\/users\/2"}],"replies":[{"embeddable":true,"href":"https:\/\/www.studiogera.de\/001\/wp-json\/wp\/v2\/comments?post=20348"}],"version-history":[{"count":1,"href":"https:\/\/www.studiogera.de\/001\/wp-json\/wp\/v2\/posts\/20348\/revisions"}],"predecessor-version":[{"id":20349,"href":"https:\/\/www.studiogera.de\/001\/wp-json\/wp\/v2\/posts\/20348\/revisions\/20349"}],"wp:featuredmedia":[{"embeddable":true,"href":"https:\/\/www.studiogera.de\/001\/wp-json\/wp\/v2\/media\/15480"}],"wp:attachment":[{"href":"https:\/\/www.studiogera.de\/001\/wp-json\/wp\/v2\/media?parent=20348"}],"wp:term":[{"taxonomy":"category","embeddable":true,"href":"https:\/\/www.studiogera.de\/001\/wp-json\/wp\/v2\/categories?post=20348"},{"taxonomy":"post_tag","embeddable":true,"href":"https:\/\/www.studiogera.de\/001\/wp-json\/wp\/v2\/tags?post=20348"}],"curies":[{"name":"wp","href":"https:\/\/api.w.org\/{rel}","templated":true}]}}