{"id":20353,"date":"2022-08-27T11:35:13","date_gmt":"2022-08-27T09:35:13","guid":{"rendered":"http:\/\/www.studiogera.de\/001\/?p=20353"},"modified":"2022-08-27T11:35:15","modified_gmt":"2022-08-27T09:35:15","slug":"2700-besucher-bei-der-geraer-museumsnacht","status":"publish","type":"post","link":"https:\/\/www.studiogera.de\/001\/2022\/08\/27\/2700-besucher-bei-der-geraer-museumsnacht\/","title":{"rendered":"2700 BESUCHER BEI DER GERAER MUSEUMSNACHT"},"content":{"rendered":"\n<p>Die traditionelle Geraer Museumsnacht wurde auch in diesem Jahr wieder bestens angenommen. Rund 2700 Besucher machten sich am 26. August 2022 auf den Weg, um die vielf\u00e4ltige Museumslandschaft Geras zu erkunden. Via Oldtimer-Pendelbus war es m\u00f6glich, schnell und vor allem nostalgisch von einem Ausstellungshaus zum n\u00e4chsten zu gelangen. Neben den st\u00e4dtischen Museen nahmen unter anderem auch das Stasi-Unterlagen-Archiv, der Kunstverein Gera, die Kunstzone M1 oder die Neue Galerie f\u00fcr Zeitgen\u00f6ssische Kunst an der 23. Auflage der Museumsnacht teil. Die Stadt dankt allen Teilnehmern, Organisatoren und Sponsoren, und freut sich, dass es der Wettergott trotz angek\u00fcndigter Unwetter gut mit ihnen meinte.<\/p>\n\n\n\n<p>QUELLE: STADTVERWALTUNG<\/p>\n","protected":false},"excerpt":{"rendered":"<div class=\"mh-excerpt\"><p>Die traditionelle Geraer Museumsnacht wurde auch in diesem Jahr wieder bestens angenommen. Rund 2700 Besucher machten sich am 26. August 2022 auf den Weg, um die vielf\u00e4ltige Museumslandschaft Geras zu erkunden. Via Oldtimer-Pendelbus war es <a class=\"mh-excerpt-more\" href=\"https:\/\/www.studiogera.de\/001\/2022\/08\/27\/2700-besucher-bei-der-geraer-museumsnacht\/\" title=\"2700 BESUCHER BEI DER GERAER MUSEUMSNACHT\">[&#8230;]<\/a><\/p>\n<\/div>","protected":false},"author":2,"featured_media":20354,"comment_status":"open","ping_status":"open","sticky":false,"template":"","format":"standard","meta":{"footnotes":""},"categories":[8],"tags":[],"class_list":{"0":"post-20353","1":"post","2":"type-post","3":"status-publish","4":"format-standard","5":"has-post-thumbnail","7":"category-kultur"},"_links":{"self":[{"href":"https:\/\/www.studiogera.de\/001\/wp-json\/wp\/v2\/posts\/20353","targetHints":{"allow":["GET"]}}],"collection":[{"href":"https:\/\/www.studiogera.de\/001\/wp-json\/wp\/v2\/posts"}],"about":[{"href":"https:\/\/www.studiogera.de\/001\/wp-json\/wp\/v2\/types\/post"}],"author":[{"embeddable":true,"href":"https:\/\/www.studiogera.de\/001\/wp-json\/wp\/v2\/users\/2"}],"replies":[{"embeddable":true,"href":"https:\/\/www.studiogera.de\/001\/wp-json\/wp\/v2\/comments?post=20353"}],"version-history":[{"count":1,"href":"https:\/\/www.studiogera.de\/001\/wp-json\/wp\/v2\/posts\/20353\/revisions"}],"predecessor-version":[{"id":20355,"href":"https:\/\/www.studiogera.de\/001\/wp-json\/wp\/v2\/posts\/20353\/revisions\/20355"}],"wp:featuredmedia":[{"embeddable":true,"href":"https:\/\/www.studiogera.de\/001\/wp-json\/wp\/v2\/media\/20354"}],"wp:attachment":[{"href":"https:\/\/www.studiogera.de\/001\/wp-json\/wp\/v2\/media?parent=20353"}],"wp:term":[{"taxonomy":"category","embeddable":true,"href":"https:\/\/www.studiogera.de\/001\/wp-json\/wp\/v2\/categories?post=20353"},{"taxonomy":"post_tag","embeddable":true,"href":"https:\/\/www.studiogera.de\/001\/wp-json\/wp\/v2\/tags?post=20353"}],"curies":[{"name":"wp","href":"https:\/\/api.w.org\/{rel}","templated":true}]}}