{"id":20359,"date":"2022-08-28T22:37:34","date_gmt":"2022-08-28T20:37:34","guid":{"rendered":"http:\/\/www.studiogera.de\/001\/?p=20359"},"modified":"2022-08-28T22:37:36","modified_gmt":"2022-08-28T20:37:36","slug":"alkoholisierter-radfahrer-im-kuechengarten","status":"publish","type":"post","link":"https:\/\/www.studiogera.de\/001\/2022\/08\/28\/alkoholisierter-radfahrer-im-kuechengarten\/","title":{"rendered":"ALKOHOLISIERTER RADFAHRER IM K\u00dcCHENGARTEN"},"content":{"rendered":"\n<p>Am 28. August wurde gegen 3 Uhr im K\u00fcchengarten ein Fahrradfahrer kontrolliert. Aufgrund seiner auff\u00e4lligen Verhaltensweise wurde mit ihm ein Atemalkoholtest durchgef\u00fchrt. Dieser ergab einen Wert von 1,85 pro mille. Dem Radfahrer wurde eine Blutprobe im Klinikum entnommen. Ihn erwartet nun ein Strafverfahren.<\/p>\n","protected":false},"excerpt":{"rendered":"<div class=\"mh-excerpt\"><p>Am 28. August wurde gegen 3 Uhr im K\u00fcchengarten ein Fahrradfahrer kontrolliert. Aufgrund seiner auff\u00e4lligen Verhaltensweise wurde mit ihm ein Atemalkoholtest durchgef\u00fchrt. Dieser ergab einen Wert von 1,85 pro mille. Dem Radfahrer wurde eine Blutprobe <a class=\"mh-excerpt-more\" href=\"https:\/\/www.studiogera.de\/001\/2022\/08\/28\/alkoholisierter-radfahrer-im-kuechengarten\/\" title=\"ALKOHOLISIERTER RADFAHRER IM K\u00dcCHENGARTEN\">[&#8230;]<\/a><\/p>\n<\/div>","protected":false},"author":3,"featured_media":9356,"comment_status":"open","ping_status":"open","sticky":false,"template":"","format":"standard","meta":{"footnotes":""},"categories":[13],"tags":[],"class_list":{"0":"post-20359","1":"post","2":"type-post","3":"status-publish","4":"format-standard","5":"has-post-thumbnail","7":"category-polizeiberichte"},"_links":{"self":[{"href":"https:\/\/www.studiogera.de\/001\/wp-json\/wp\/v2\/posts\/20359","targetHints":{"allow":["GET"]}}],"collection":[{"href":"https:\/\/www.studiogera.de\/001\/wp-json\/wp\/v2\/posts"}],"about":[{"href":"https:\/\/www.studiogera.de\/001\/wp-json\/wp\/v2\/types\/post"}],"author":[{"embeddable":true,"href":"https:\/\/www.studiogera.de\/001\/wp-json\/wp\/v2\/users\/3"}],"replies":[{"embeddable":true,"href":"https:\/\/www.studiogera.de\/001\/wp-json\/wp\/v2\/comments?post=20359"}],"version-history":[{"count":1,"href":"https:\/\/www.studiogera.de\/001\/wp-json\/wp\/v2\/posts\/20359\/revisions"}],"predecessor-version":[{"id":20360,"href":"https:\/\/www.studiogera.de\/001\/wp-json\/wp\/v2\/posts\/20359\/revisions\/20360"}],"wp:featuredmedia":[{"embeddable":true,"href":"https:\/\/www.studiogera.de\/001\/wp-json\/wp\/v2\/media\/9356"}],"wp:attachment":[{"href":"https:\/\/www.studiogera.de\/001\/wp-json\/wp\/v2\/media?parent=20359"}],"wp:term":[{"taxonomy":"category","embeddable":true,"href":"https:\/\/www.studiogera.de\/001\/wp-json\/wp\/v2\/categories?post=20359"},{"taxonomy":"post_tag","embeddable":true,"href":"https:\/\/www.studiogera.de\/001\/wp-json\/wp\/v2\/tags?post=20359"}],"curies":[{"name":"wp","href":"https:\/\/api.w.org\/{rel}","templated":true}]}}