{"id":20372,"date":"2022-08-29T12:50:43","date_gmt":"2022-08-29T10:50:43","guid":{"rendered":"http:\/\/www.studiogera.de\/001\/?p=20372"},"modified":"2022-08-29T12:50:45","modified_gmt":"2022-08-29T10:50:45","slug":"alkoholisierter-pkw-fahrer-in-der-jenaer-strasse","status":"publish","type":"post","link":"https:\/\/www.studiogera.de\/001\/2022\/08\/29\/alkoholisierter-pkw-fahrer-in-der-jenaer-strasse\/","title":{"rendered":"ALKOHOLISIERTER PKW-FAHRER IN DER JENAER STRASSE"},"content":{"rendered":"\n<p>Sonntagnacht, am 28. August gegen 23 Uhr, ging einer Streife der Polizei ein alkoholisierte PKW-Fahrer ins Netz. Als der 36-j\u00e4hrige Tatverd\u00e4chtige mit seinem PKW VW in der Jenaer Stra\u00dfe einer Verkehrskontrolle unterzogen wurde, ergab ein Atemalkoholtest einen Wert von 1,4 pro mille. Nach erfolgter Blutentnahme stellten die Beamten den F\u00fchrerschein des Mannes sicher. Gegen ihn wird nun wegen des Verdachts der Trunkenheit im Verkehr ermittelt.<\/p>\n","protected":false},"excerpt":{"rendered":"<div class=\"mh-excerpt\"><p>Sonntagnacht, am 28. August gegen 23 Uhr, ging einer Streife der Polizei ein alkoholisierte PKW-Fahrer ins Netz. Als der 36-j\u00e4hrige Tatverd\u00e4chtige mit seinem PKW VW in der Jenaer Stra\u00dfe einer Verkehrskontrolle unterzogen wurde, ergab ein <a class=\"mh-excerpt-more\" href=\"https:\/\/www.studiogera.de\/001\/2022\/08\/29\/alkoholisierter-pkw-fahrer-in-der-jenaer-strasse\/\" title=\"ALKOHOLISIERTER PKW-FAHRER IN DER JENAER STRASSE\">[&#8230;]<\/a><\/p>\n<\/div>","protected":false},"author":3,"featured_media":9352,"comment_status":"open","ping_status":"open","sticky":false,"template":"","format":"standard","meta":{"footnotes":""},"categories":[13],"tags":[],"class_list":{"0":"post-20372","1":"post","2":"type-post","3":"status-publish","4":"format-standard","5":"has-post-thumbnail","7":"category-polizeiberichte"},"_links":{"self":[{"href":"https:\/\/www.studiogera.de\/001\/wp-json\/wp\/v2\/posts\/20372","targetHints":{"allow":["GET"]}}],"collection":[{"href":"https:\/\/www.studiogera.de\/001\/wp-json\/wp\/v2\/posts"}],"about":[{"href":"https:\/\/www.studiogera.de\/001\/wp-json\/wp\/v2\/types\/post"}],"author":[{"embeddable":true,"href":"https:\/\/www.studiogera.de\/001\/wp-json\/wp\/v2\/users\/3"}],"replies":[{"embeddable":true,"href":"https:\/\/www.studiogera.de\/001\/wp-json\/wp\/v2\/comments?post=20372"}],"version-history":[{"count":1,"href":"https:\/\/www.studiogera.de\/001\/wp-json\/wp\/v2\/posts\/20372\/revisions"}],"predecessor-version":[{"id":20373,"href":"https:\/\/www.studiogera.de\/001\/wp-json\/wp\/v2\/posts\/20372\/revisions\/20373"}],"wp:featuredmedia":[{"embeddable":true,"href":"https:\/\/www.studiogera.de\/001\/wp-json\/wp\/v2\/media\/9352"}],"wp:attachment":[{"href":"https:\/\/www.studiogera.de\/001\/wp-json\/wp\/v2\/media?parent=20372"}],"wp:term":[{"taxonomy":"category","embeddable":true,"href":"https:\/\/www.studiogera.de\/001\/wp-json\/wp\/v2\/categories?post=20372"},{"taxonomy":"post_tag","embeddable":true,"href":"https:\/\/www.studiogera.de\/001\/wp-json\/wp\/v2\/tags?post=20372"}],"curies":[{"name":"wp","href":"https:\/\/api.w.org\/{rel}","templated":true}]}}