{"id":20374,"date":"2022-08-30T01:59:02","date_gmt":"2022-08-29T23:59:02","guid":{"rendered":"http:\/\/www.studiogera.de\/001\/?p=20374"},"modified":"2022-08-30T01:59:04","modified_gmt":"2022-08-29T23:59:04","slug":"weitere-meldungen-aus-gera-29","status":"publish","type":"post","link":"https:\/\/www.studiogera.de\/001\/2022\/08\/30\/weitere-meldungen-aus-gera-29\/","title":{"rendered":"WEITERE MELDUNGEN AUS GERA"},"content":{"rendered":"\n<p>Die Veranstaltungsreihe \u201eArcaden tanzt\u201c wird nach einer zweij\u00e4hrigen Pause fortgef\u00fchrt. N\u00e4chster Termin ist der 3. September 2022. Zu dieser neunten Auflage wird es im Einkaufshaus Heinrichstra\u00dfe 30 f\u00fcnf Tanzbereiche geben. Die Veranstaltung erstreckt sich \u00fcber beide Etagen, beginnt um 22 Uhr und endet um 6 Uhr. Veranstalter ist der Gastronomiebetreiber BMS KG.<\/p>\n\n\n\n<p>Das Stadtmuseum Gera l\u00e4dt am Sonntag, den 4. September, zu einer \u00f6ffentlichen F\u00fchrung durch die Sonderausstellung \u201eGera \u2013 eine Stadt ver\u00e4ndert sich. Fotografien von Hans-Joachim Hirsch 1967-2021\u201c ein. Beginn der \u00f6ffentlichen F\u00fchrung ist um 14 Uhr.<\/p>\n\n\n\n<p>Das Heft \u201eHistorische Pl\u00e4tze in Gera\u201c kann ab dem 5. September 2022 im Informationsladen der unteren Denkmalschutzbeh\u00f6rde Sorge 8 sowie in der Gera-Information zum Kaufpreis von drei Euro Schutzgeb\u00fchr erworben werden. Grundlage der Ver\u00f6ffentlichung bildet die im Jahre 2002 erstmals pr\u00e4sentierte Ausstellung \u201eHistorische Pl\u00e4tze in Gera\u201c, die mit Hilfe ehrenamtlicher Mitarbeiter und des Freundeskreises Stadtgeschichte zusammengestellt wurde. Die Publikation ist das j\u00fcngste Heft in der Schriftenreihe der unteren Denkmalschutzbeh\u00f6rde.<\/p>\n\n\n\n<p>Am 13. September 2022 um 16 Uhr findet im Rathaussaal, Kornmarkt 12, die diesj\u00e4hrige Demokratiekonferenz statt. Hier stellen Tr\u00e4ger aus Gera ihre diesj\u00e4hrigen Projekte aus. Dieses Format der Projektvorstellung im Rahmen einer Demokratiemesse ist ein neues Format. Parallel dazu hat man die M\u00f6glichkeit, sich mit diversen Akteuren zu vernetzen und sich \u00fcber das F\u00f6rderprojekt zu informieren. Die Externe Koordinierungsstelle wird an diesem Tag ihre Arbeit vorstellen, und es besteht die M\u00f6glichkeit, sich \u00fcber F\u00f6rderm\u00f6glichkeiten innerhalb des Projektes zu informieren.<\/p>\n","protected":false},"excerpt":{"rendered":"<div class=\"mh-excerpt\"><p>Die Veranstaltungsreihe \u201eArcaden tanzt\u201c wird nach einer zweij\u00e4hrigen Pause fortgef\u00fchrt. N\u00e4chster Termin ist der 3. September 2022. Zu dieser neunten Auflage wird es im Einkaufshaus Heinrichstra\u00dfe 30 f\u00fcnf Tanzbereiche geben. Die Veranstaltung erstreckt sich \u00fcber <a class=\"mh-excerpt-more\" href=\"https:\/\/www.studiogera.de\/001\/2022\/08\/30\/weitere-meldungen-aus-gera-29\/\" title=\"WEITERE MELDUNGEN AUS GERA\">[&#8230;]<\/a><\/p>\n<\/div>","protected":false},"author":3,"featured_media":6809,"comment_status":"open","ping_status":"open","sticky":false,"template":"","format":"standard","meta":{"footnotes":""},"categories":[16],"tags":[],"class_list":{"0":"post-20374","1":"post","2":"type-post","3":"status-publish","4":"format-standard","5":"has-post-thumbnail","7":"category-kurzmitteilungen"},"_links":{"self":[{"href":"https:\/\/www.studiogera.de\/001\/wp-json\/wp\/v2\/posts\/20374","targetHints":{"allow":["GET"]}}],"collection":[{"href":"https:\/\/www.studiogera.de\/001\/wp-json\/wp\/v2\/posts"}],"about":[{"href":"https:\/\/www.studiogera.de\/001\/wp-json\/wp\/v2\/types\/post"}],"author":[{"embeddable":true,"href":"https:\/\/www.studiogera.de\/001\/wp-json\/wp\/v2\/users\/3"}],"replies":[{"embeddable":true,"href":"https:\/\/www.studiogera.de\/001\/wp-json\/wp\/v2\/comments?post=20374"}],"version-history":[{"count":1,"href":"https:\/\/www.studiogera.de\/001\/wp-json\/wp\/v2\/posts\/20374\/revisions"}],"predecessor-version":[{"id":20375,"href":"https:\/\/www.studiogera.de\/001\/wp-json\/wp\/v2\/posts\/20374\/revisions\/20375"}],"wp:featuredmedia":[{"embeddable":true,"href":"https:\/\/www.studiogera.de\/001\/wp-json\/wp\/v2\/media\/6809"}],"wp:attachment":[{"href":"https:\/\/www.studiogera.de\/001\/wp-json\/wp\/v2\/media?parent=20374"}],"wp:term":[{"taxonomy":"category","embeddable":true,"href":"https:\/\/www.studiogera.de\/001\/wp-json\/wp\/v2\/categories?post=20374"},{"taxonomy":"post_tag","embeddable":true,"href":"https:\/\/www.studiogera.de\/001\/wp-json\/wp\/v2\/tags?post=20374"}],"curies":[{"name":"wp","href":"https:\/\/api.w.org\/{rel}","templated":true}]}}