{"id":20381,"date":"2022-08-31T13:39:49","date_gmt":"2022-08-31T11:39:49","guid":{"rendered":"http:\/\/www.studiogera.de\/001\/?p=20381"},"modified":"2022-08-31T13:39:51","modified_gmt":"2022-08-31T11:39:51","slug":"premiere-der-oper-dantons-tod","status":"publish","type":"post","link":"https:\/\/www.studiogera.de\/001\/2022\/08\/31\/premiere-der-oper-dantons-tod\/","title":{"rendered":"PREMIERE DER OPER \u201eDANTONS TOD\u201c"},"content":{"rendered":"\n<p>Am Freitag, den 16. September 2022, feiert Gottfried von Einems Revolutionsoper \u201eDantons Tod\u201c im Gro\u00dfen Haus des Theaters Gera Premiere. Diese beginnt um um 19.30 Uhr. Mit dieser Produktion setzt das Theater Altenburg Gera seine Reihe von zu Unrecht vergessenen oder selten gespielten Opern des 20. Jahrhunderts fort, die das Profil dieses Theaters seit langem pr\u00e4gt.<\/p>\n\n\n\n<p>\u201eDantons Tod\u201c, 1835 vom erst zweiundzwanzigj\u00e4hrigen Georg B\u00fcchner nach umfangreichen Studien niedergeschrieben, basiert auf historischen Quellen und Dokumenten der Franz\u00f6sischen Revolution, deren Maxime der \u00abFreiheit, Gleichheit, Br\u00fcderlichkeit\u00bb unser aller Verst\u00e4ndnis moderner europ\u00e4ischer Demokratien geformt hat. Es ist das einzige Werk des Dichters, Mediziners und Revolution\u00e4rs, das zu seinen Lebzeiten ver\u00f6ffentlicht wurde und kreist um Fragen, wie nach der Notwendigkeit und Legitimit\u00e4t von Gewalt zur Verfolgung politischer Ziele.<\/p>\n\n\n\n<p>Noch w\u00e4hrend des Zweiten Weltkriegs begann der \u00f6sterreichische Komponist Gottfried von Einem die Arbeit an seiner gleichnamigen ersten Oper. Das Libretto erstellte er zusammen mit seinem Kompositionslehrer und Freund Boris Blacher aus B\u00fcchners Drama und ausgew\u00e4hlten Briefen. Die Urauff\u00fchrung bei den Salzburger Festspielen im Jahr 1947 war von Einems pers\u00f6nliche Abrechnung mit der j\u00fcngsten Vergangenheit und wurde zum gro\u00dfen Erfolg. \u201eDantons Tod\u201c r\u00fcckt in eindrucksvollen Chorszenen das Volk als Akteur in den Mittelpunkt und erz\u00e4hlt von Blutrausch, Gewaltspiralen und der Verf\u00fchrbarkeit der Massen. Ein Stoff, der in diesen Tagen nicht aktueller denn je sein k\u00f6nnte.<\/p>\n\n\n\n<p>Am 11. September findet um 11 Uhr eine Einf\u00fchrungs-Matinee mit dem Inszenierungsteam statt.<\/p>\n\n\n\n<p>Weitere Auff\u00fchrungen sind geplant f\u00fcr folgende Tage:<\/p>\n\n\n\n<p>Sonntag, 18. September 2022, 14.30 Uhr, Gro\u00dfes Haus Gera<br>Freitag, 23. September 2022, 19.30 Uhr, Gro\u00dfes Haus Gera<br>Sonntag, 25. September 2022, 14.30 Uhr, Gro\u00dfes Haus Gera<br>Samstag, 1. Oktober 2022, 19.30 Uhr, Gro\u00dfes Haus Gera<br>Montag, 3. Oktober 2022, 18 Uhr, Gro\u00dfes Haus Gera<\/p>\n\n\n\n<p>Die Theaterkasse f\u00fcr Gera befindet sich in der Spielst\u00e4tte B\u00fchne am Park, Theaterplatz 1, und ist dienstags, mittwochs und freitags von 10 Uhr bis 17 Uhr, sowie am donnerstags von 10 Uhr bis 19 Uhr ge\u00f6ffnet. Dar\u00fcber hinaus erfolgt der Kartenvorverkauf jederzeit auch \u00fcber den Webshop. Dieser ist unter der Adresse \u201ewww.theater-altenburg-gera.de\u201c erreichbar.<\/p>\n\n\n\n<p>QUELLE: THEATER ALTENBURG GERA GGMBH<\/p>\n","protected":false},"excerpt":{"rendered":"<div class=\"mh-excerpt\"><p>Am Freitag, den 16. September 2022, feiert Gottfried von Einems Revolutionsoper \u201eDantons Tod\u201c im Gro\u00dfen Haus des Theaters Gera Premiere. Diese beginnt um um 19.30 Uhr. Mit dieser Produktion setzt das Theater Altenburg Gera seine <a class=\"mh-excerpt-more\" href=\"https:\/\/www.studiogera.de\/001\/2022\/08\/31\/premiere-der-oper-dantons-tod\/\" title=\"PREMIERE DER OPER \u201eDANTONS TOD\u201c\">[&#8230;]<\/a><\/p>\n<\/div>","protected":false},"author":2,"featured_media":20382,"comment_status":"open","ping_status":"open","sticky":false,"template":"","format":"standard","meta":{"footnotes":""},"categories":[15],"tags":[],"class_list":{"0":"post-20381","1":"post","2":"type-post","3":"status-publish","4":"format-standard","5":"has-post-thumbnail","7":"category-theater"},"_links":{"self":[{"href":"https:\/\/www.studiogera.de\/001\/wp-json\/wp\/v2\/posts\/20381","targetHints":{"allow":["GET"]}}],"collection":[{"href":"https:\/\/www.studiogera.de\/001\/wp-json\/wp\/v2\/posts"}],"about":[{"href":"https:\/\/www.studiogera.de\/001\/wp-json\/wp\/v2\/types\/post"}],"author":[{"embeddable":true,"href":"https:\/\/www.studiogera.de\/001\/wp-json\/wp\/v2\/users\/2"}],"replies":[{"embeddable":true,"href":"https:\/\/www.studiogera.de\/001\/wp-json\/wp\/v2\/comments?post=20381"}],"version-history":[{"count":1,"href":"https:\/\/www.studiogera.de\/001\/wp-json\/wp\/v2\/posts\/20381\/revisions"}],"predecessor-version":[{"id":20383,"href":"https:\/\/www.studiogera.de\/001\/wp-json\/wp\/v2\/posts\/20381\/revisions\/20383"}],"wp:featuredmedia":[{"embeddable":true,"href":"https:\/\/www.studiogera.de\/001\/wp-json\/wp\/v2\/media\/20382"}],"wp:attachment":[{"href":"https:\/\/www.studiogera.de\/001\/wp-json\/wp\/v2\/media?parent=20381"}],"wp:term":[{"taxonomy":"category","embeddable":true,"href":"https:\/\/www.studiogera.de\/001\/wp-json\/wp\/v2\/categories?post=20381"},{"taxonomy":"post_tag","embeddable":true,"href":"https:\/\/www.studiogera.de\/001\/wp-json\/wp\/v2\/tags?post=20381"}],"curies":[{"name":"wp","href":"https:\/\/api.w.org\/{rel}","templated":true}]}}