{"id":20384,"date":"2022-08-31T13:44:37","date_gmt":"2022-08-31T11:44:37","guid":{"rendered":"http:\/\/www.studiogera.de\/001\/?p=20384"},"modified":"2022-08-31T13:44:39","modified_gmt":"2022-08-31T11:44:39","slug":"fuehrung-durch-die-sonderausstellung-im-stadtmuseum","status":"publish","type":"post","link":"https:\/\/www.studiogera.de\/001\/2022\/08\/31\/fuehrung-durch-die-sonderausstellung-im-stadtmuseum\/","title":{"rendered":"F\u00dcHRUNG DURCH DIE SONDERAUSSTELLUNG IM STADTMUSEUM"},"content":{"rendered":"\n<p>Das Stadtmuseum Gera l\u00e4dt am Sonntag, den 4. September 2022, zu einer \u00f6ffentlichen F\u00fchrung durch die Sonderausstellung \u201eGera \u2014 eine Stadt ver\u00e4ndert sich. Fotografien von Hans-Joachim Hirsch 1967-2021\u201c ein. Diese beginnt um 14 Uhr.<\/p>\n\n\n\n<p>Mehr als ein halbes Jahrhundert dokumentiert eine Auswahl von 120 Werken des Geraer Fotografen Hans-Joachim Hirsch die Entwicklungen und Ver\u00e4nderungen seiner Heimatstadt. Hans-Joachim Hirsch ist ein kritischer Beobachter seiner Zeit. Seine bevorzugten Motive sind weniger die bekannten, stadtbildpr\u00e4genden Bauten, sondern vielmehr das scheinbar Nebens\u00e4chliche, Vergessene wie Seitengassen, br\u00f6ckelnde Fassaden oder ein Autowrack am Stra\u00dfenrand. Damit entsprachen seine Arbeiten nur selten dem in der DDR gew\u00fcnschten Bild des sozialistischen Alltags. Manche seiner Bilder wirken unfreiwillig komisch, geradezu grotesk. Ein mit Sperrm\u00fcll beladenes Pferdefuhrwerk etwa, welches ausgerechnet vor der Losung \u201eAlles f\u00fcr unseren sozialistischen Friedensstaat\u201c h\u00e4lt. Hans-Joachim Hirsch hat zahlreiche Punkte, an denen seine Arbeiten vor Jahrzehnten entstanden sind, erneut aufgesucht und fotografiert. Erstaunt, wehm\u00fctig oder am\u00fcsiert steht der Betrachter vor den Ergebnissen. Vieles hat sich ver\u00e4ndert, vieles ist besser geworden. Manches Moderne und Genormte wirkt jedoch steril und gesichtslos.<\/p>\n\n\n\n<p>QUELLE: STADTVERWALTUNG<\/p>\n","protected":false},"excerpt":{"rendered":"<div class=\"mh-excerpt\"><p>Das Stadtmuseum Gera l\u00e4dt am Sonntag, den 4. September 2022, zu einer \u00f6ffentlichen F\u00fchrung durch die Sonderausstellung \u201eGera \u2014 eine Stadt ver\u00e4ndert sich. Fotografien von Hans-Joachim Hirsch 1967-2021\u201c ein. Diese beginnt um 14 Uhr. Mehr <a class=\"mh-excerpt-more\" href=\"https:\/\/www.studiogera.de\/001\/2022\/08\/31\/fuehrung-durch-die-sonderausstellung-im-stadtmuseum\/\" title=\"F\u00dcHRUNG DURCH DIE SONDERAUSSTELLUNG IM STADTMUSEUM\">[&#8230;]<\/a><\/p>\n<\/div>","protected":false},"author":2,"featured_media":20385,"comment_status":"open","ping_status":"open","sticky":false,"template":"","format":"standard","meta":{"footnotes":""},"categories":[8],"tags":[],"class_list":{"0":"post-20384","1":"post","2":"type-post","3":"status-publish","4":"format-standard","5":"has-post-thumbnail","7":"category-kultur"},"_links":{"self":[{"href":"https:\/\/www.studiogera.de\/001\/wp-json\/wp\/v2\/posts\/20384","targetHints":{"allow":["GET"]}}],"collection":[{"href":"https:\/\/www.studiogera.de\/001\/wp-json\/wp\/v2\/posts"}],"about":[{"href":"https:\/\/www.studiogera.de\/001\/wp-json\/wp\/v2\/types\/post"}],"author":[{"embeddable":true,"href":"https:\/\/www.studiogera.de\/001\/wp-json\/wp\/v2\/users\/2"}],"replies":[{"embeddable":true,"href":"https:\/\/www.studiogera.de\/001\/wp-json\/wp\/v2\/comments?post=20384"}],"version-history":[{"count":1,"href":"https:\/\/www.studiogera.de\/001\/wp-json\/wp\/v2\/posts\/20384\/revisions"}],"predecessor-version":[{"id":20386,"href":"https:\/\/www.studiogera.de\/001\/wp-json\/wp\/v2\/posts\/20384\/revisions\/20386"}],"wp:featuredmedia":[{"embeddable":true,"href":"https:\/\/www.studiogera.de\/001\/wp-json\/wp\/v2\/media\/20385"}],"wp:attachment":[{"href":"https:\/\/www.studiogera.de\/001\/wp-json\/wp\/v2\/media?parent=20384"}],"wp:term":[{"taxonomy":"category","embeddable":true,"href":"https:\/\/www.studiogera.de\/001\/wp-json\/wp\/v2\/categories?post=20384"},{"taxonomy":"post_tag","embeddable":true,"href":"https:\/\/www.studiogera.de\/001\/wp-json\/wp\/v2\/tags?post=20384"}],"curies":[{"name":"wp","href":"https:\/\/api.w.org\/{rel}","templated":true}]}}