{"id":20387,"date":"2022-08-31T13:51:48","date_gmt":"2022-08-31T11:51:48","guid":{"rendered":"http:\/\/www.studiogera.de\/001\/?p=20387"},"modified":"2022-08-31T13:51:50","modified_gmt":"2022-08-31T11:51:50","slug":"tierpark-benoetigt-eicheln-und-kastanien-fuer-die-winterfuetterung","status":"publish","type":"post","link":"https:\/\/www.studiogera.de\/001\/2022\/08\/31\/tierpark-benoetigt-eicheln-und-kastanien-fuer-die-winterfuetterung\/","title":{"rendered":"TIERPARK BEN\u00d6TIGT EICHELN UND KASTANIEN F\u00dcR DIE WINTERF\u00dcTTERUNG"},"content":{"rendered":"\n<p>Es dauert nicht mehr lange und der Winter steht vor der T\u00fcr. Gerade dann sind Eicheln und Kastanien wahre Leckerbissen und wichtige Energielieferanten f\u00fcr die Tiere des Geraer Tierparks. Muffel, Hirsche, Schweine, Elche und viele andere Tierparkbewohner freuen sich sehr \u00fcber die Fr\u00fcchte. Diese k\u00f6nnen bereits seit dem 22. August 2022 an den Tierparkkassen abgegeben werden. Aufgrund der anhaltenden Trockenheit fallen die Fr\u00fcchte dieses Jahr schon sehr fr\u00fch von den B\u00e4umen. Sollte ein Transport gr\u00f6\u00dferer Mengen selbst nicht m\u00f6glich sein, kann der Tierpark die Spende in Einzelf\u00e4llen auch abholen.<\/p>\n\n\n\n<p>\u201eWir sind dankbar f\u00fcr jede Unterst\u00fctzung. Es m\u00fcssen nicht ausschlie\u00dflich Eicheln und Kastanien sein; unsere Affen, Huftiere und Kaninchen etwa lieben auch N\u00fcsse sehr\u201c, erkl\u00e4rt Dr. Florian Weise, Leiter des Geraer Tierparks. Demnach sei es wichtig, dass die Baumfr\u00fcchte von Anfang an trocken gelagert werden, damit sie nicht schimmeln. Sie sollten daher keinesfalls in Foliet\u00fcten aufbewahrt werden. Besser geeignet sind beispielsweise Span- oder Drahtk\u00f6rbe. Der Tierpark bittet darum, darauf zu achten, keine verdorbenen oder schimmligen Eicheln und Kastanien abzugeben, denn werden sie verf\u00fcttert, kann das den Tieren ernsthaft Schaden zuf\u00fcgen. Solche Fr\u00fcchte m\u00fcssten daher vom Tierpark in jedem Falle entsorgt werden. Au\u00dferdem sollten Bl\u00e4tter und \u00c4ste nach M\u00f6glichkeit bereits vor der Abgabe aussortiert werden.<\/p>\n\n\n\n<p>Bis Ende Oktober hat der Tierpark t\u00e4glich von 9 Uhr bis 18 Uhr ge\u00f6ffnet. Kassenschluss ist 17.15 Uhr, Torschluss um 18 Uhr.<\/p>\n\n\n\n<p>Weitere Informationen zum Tierpark Gera sind unter \u201e<a href=\"https:\/\/tierpark.gera.de\/\">https:\/\/tierpark.gera.de\/<\/a>\u201c zu finden.<\/p>\n\n\n\n<p>QUELLE: STADTVERWALTUNG<\/p>\n","protected":false},"excerpt":{"rendered":"<div class=\"mh-excerpt\"><p>Es dauert nicht mehr lange und der Winter steht vor der T\u00fcr. Gerade dann sind Eicheln und Kastanien wahre Leckerbissen und wichtige Energielieferanten f\u00fcr die Tiere des Geraer Tierparks. Muffel, Hirsche, Schweine, Elche und viele <a class=\"mh-excerpt-more\" href=\"https:\/\/www.studiogera.de\/001\/2022\/08\/31\/tierpark-benoetigt-eicheln-und-kastanien-fuer-die-winterfuetterung\/\" title=\"TIERPARK BEN\u00d6TIGT EICHELN UND KASTANIEN F\u00dcR DIE WINTERF\u00dcTTERUNG\">[&#8230;]<\/a><\/p>\n<\/div>","protected":false},"author":2,"featured_media":20388,"comment_status":"open","ping_status":"open","sticky":false,"template":"","format":"standard","meta":{"footnotes":""},"categories":[3],"tags":[],"class_list":{"0":"post-20387","1":"post","2":"type-post","3":"status-publish","4":"format-standard","5":"has-post-thumbnail","7":"category-lokal"},"_links":{"self":[{"href":"https:\/\/www.studiogera.de\/001\/wp-json\/wp\/v2\/posts\/20387","targetHints":{"allow":["GET"]}}],"collection":[{"href":"https:\/\/www.studiogera.de\/001\/wp-json\/wp\/v2\/posts"}],"about":[{"href":"https:\/\/www.studiogera.de\/001\/wp-json\/wp\/v2\/types\/post"}],"author":[{"embeddable":true,"href":"https:\/\/www.studiogera.de\/001\/wp-json\/wp\/v2\/users\/2"}],"replies":[{"embeddable":true,"href":"https:\/\/www.studiogera.de\/001\/wp-json\/wp\/v2\/comments?post=20387"}],"version-history":[{"count":1,"href":"https:\/\/www.studiogera.de\/001\/wp-json\/wp\/v2\/posts\/20387\/revisions"}],"predecessor-version":[{"id":20389,"href":"https:\/\/www.studiogera.de\/001\/wp-json\/wp\/v2\/posts\/20387\/revisions\/20389"}],"wp:featuredmedia":[{"embeddable":true,"href":"https:\/\/www.studiogera.de\/001\/wp-json\/wp\/v2\/media\/20388"}],"wp:attachment":[{"href":"https:\/\/www.studiogera.de\/001\/wp-json\/wp\/v2\/media?parent=20387"}],"wp:term":[{"taxonomy":"category","embeddable":true,"href":"https:\/\/www.studiogera.de\/001\/wp-json\/wp\/v2\/categories?post=20387"},{"taxonomy":"post_tag","embeddable":true,"href":"https:\/\/www.studiogera.de\/001\/wp-json\/wp\/v2\/tags?post=20387"}],"curies":[{"name":"wp","href":"https:\/\/api.w.org\/{rel}","templated":true}]}}