{"id":20393,"date":"2022-08-31T14:11:47","date_gmt":"2022-08-31T12:11:47","guid":{"rendered":"http:\/\/www.studiogera.de\/001\/?p=20393"},"modified":"2022-08-31T14:11:49","modified_gmt":"2022-08-31T12:11:49","slug":"integration-bleibt-auch-in-gera-ein-wichtiges-thema","status":"publish","type":"post","link":"https:\/\/www.studiogera.de\/001\/2022\/08\/31\/integration-bleibt-auch-in-gera-ein-wichtiges-thema\/","title":{"rendered":"INTEGRATION BLEIBT AUCH IN GERA EIN WICHTIGES THEMA"},"content":{"rendered":"\n<p>Mirjam Kruppa, die Th\u00fcringer Beauftragte f\u00fcr Integration, Migration und Fl\u00fcchtlinge,\u00a0machte am 30. August 2022 Station in Gera und traf sich zum Fachaustausch mit Sozialdezernentin Sandra Wanzar und Geras Migrations- und Integrationsbeauftragten Nicole Landmann. Gemeinsam besuchten sie st\u00e4dtische Einrichtungen und Vereine, um sich vor Ort ein Bild von den hiesigen Herausforderungen der Integration zu machen. Auf dem Programm standen die Geraer Volkshochschule \u201eAenne Biermann\u201c, der Interkulturelle Verein Gera e. V., das Netzwerk Integration sowie das Stadtteilb\u00fcro Bieblach.<\/p>\n\n\n\n<p>Die Dezernentin sieht den Erfahrungsaustausch mit der Th\u00fcringer Beauftragten als wichtigen Baustein der Integrationsarbeit:<\/p>\n\n\n\n<blockquote class=\"wp-block-quote is-layout-flow wp-block-quote-is-layout-flow\"><p>\u201eUnsere Gesellschaft und unsere Stadt ist vielf\u00e4ltig. Wir m\u00f6chten das interkulturelle Zusammenleben in unserer Stadt sichtbar machen und stellen uns seit Jahren der Herausforderung, wie ein gemeinsames Wachsen bei aller notwendigen Toleranz gelingen und Rassismus einged\u00e4mmt werden kann.\u201c<\/p><\/blockquote>\n\n\n\n<p>Denn fest stehe: Alle Menschen, die in Gera leben, seien Teil der Stadt. Sie gestalten mit ihren verschiedenen kulturellen Hintergr\u00fcnden das st\u00e4dtische Geschehen mit.<\/p>\n\n\n\n<p>Ein gemeinsamer Austausch zu ausl\u00e4nderrechtlichen Fragen und zur Entwicklung einer landesweiten L\u00f6sungsstrategie k\u00f6nnten daher f\u00fcr alle nur von Vorteil sein, sieht auch Nicole Landmann, die zum Vorstand der kommunalen Integrationsbeauftragten geh\u00f6rt:<\/p>\n\n\n\n<blockquote class=\"wp-block-quote is-layout-flow wp-block-quote-is-layout-flow\"><p>\u201eF\u00fcr mich ist es eine Bereicherung, sich mit Frau Kruppa auszutauschen und das Integrationskonzept des Freistaates Th\u00fcringen mit unserem st\u00e4dtischen abzugleichen. Es liegt mir am Herzen, ihr die unterschiedlichsten Einrichtungen der Stadt zu zeigen, die sich so engagiert f\u00fcr ein integratives Miteinander einsetzen\u201c.<\/p><\/blockquote>\n\n\n\n<p>Da war es nur naheliegend, Projekte wie die vom Th\u00fcringer Ministerium f\u00fcr Migration, Justiz und Verbraucherschutz gef\u00f6rderte Zeitschrift nig \u201eneu in gera\u201c, den Th\u00fcringer Integrationsschatz&nbsp; \u201eSprache\u201c an der Geraer Volkshochschule \u201eAenne Biermann\u201c, die Schatzpate f\u00fcr diesen Geocash ist oder mit dem Interkulturellen Verein die einzige Migrantenorganisation Geras vorzustellen.<\/p>\n\n\n\n<p>Mirjam Kruppa betont ebenfalls die Bedeutung ihres Besuchs in Gera:<\/p>\n\n\n\n<blockquote class=\"wp-block-quote is-layout-flow wp-block-quote-is-layout-flow\"><p>\u201eIntegration passiert vor Ort. Daher ist mir der regelm\u00e4\u00dfige Besuch in den Kommunen besonders wichtig. Der direkte Kontakt mit den Akteurinnen und Akteuren, die M\u00f6glichkeit, Herausforderungen und gelungene Projekte unmittelbar zu erleben und diese Erfahrungen mitzunehmen, ist f\u00fcr mich sehr wertvoll. Die Impulse lasse ich in meine t\u00e4gliche Arbeit einflie\u00dfen.&#8220;<\/p><\/blockquote>\n\n\n\n<p>QUELLE: STADTVERWALTUNG<\/p>\n","protected":false},"excerpt":{"rendered":"<div class=\"mh-excerpt\"><p>Mirjam Kruppa, die Th\u00fcringer Beauftragte f\u00fcr Integration, Migration und Fl\u00fcchtlinge,\u00a0machte am 30. August 2022 Station in Gera und traf sich zum Fachaustausch mit Sozialdezernentin Sandra Wanzar und Geras Migrations- und Integrationsbeauftragten Nicole Landmann. Gemeinsam besuchten <a class=\"mh-excerpt-more\" href=\"https:\/\/www.studiogera.de\/001\/2022\/08\/31\/integration-bleibt-auch-in-gera-ein-wichtiges-thema\/\" title=\"INTEGRATION BLEIBT AUCH IN GERA EIN WICHTIGES THEMA\">[&#8230;]<\/a><\/p>\n<\/div>","protected":false},"author":2,"featured_media":20394,"comment_status":"open","ping_status":"open","sticky":false,"template":"","format":"standard","meta":{"footnotes":""},"categories":[6],"tags":[],"class_list":{"0":"post-20393","1":"post","2":"type-post","3":"status-publish","4":"format-standard","5":"has-post-thumbnail","7":"category-gesellschaft"},"_links":{"self":[{"href":"https:\/\/www.studiogera.de\/001\/wp-json\/wp\/v2\/posts\/20393","targetHints":{"allow":["GET"]}}],"collection":[{"href":"https:\/\/www.studiogera.de\/001\/wp-json\/wp\/v2\/posts"}],"about":[{"href":"https:\/\/www.studiogera.de\/001\/wp-json\/wp\/v2\/types\/post"}],"author":[{"embeddable":true,"href":"https:\/\/www.studiogera.de\/001\/wp-json\/wp\/v2\/users\/2"}],"replies":[{"embeddable":true,"href":"https:\/\/www.studiogera.de\/001\/wp-json\/wp\/v2\/comments?post=20393"}],"version-history":[{"count":1,"href":"https:\/\/www.studiogera.de\/001\/wp-json\/wp\/v2\/posts\/20393\/revisions"}],"predecessor-version":[{"id":20395,"href":"https:\/\/www.studiogera.de\/001\/wp-json\/wp\/v2\/posts\/20393\/revisions\/20395"}],"wp:featuredmedia":[{"embeddable":true,"href":"https:\/\/www.studiogera.de\/001\/wp-json\/wp\/v2\/media\/20394"}],"wp:attachment":[{"href":"https:\/\/www.studiogera.de\/001\/wp-json\/wp\/v2\/media?parent=20393"}],"wp:term":[{"taxonomy":"category","embeddable":true,"href":"https:\/\/www.studiogera.de\/001\/wp-json\/wp\/v2\/categories?post=20393"},{"taxonomy":"post_tag","embeddable":true,"href":"https:\/\/www.studiogera.de\/001\/wp-json\/wp\/v2\/tags?post=20393"}],"curies":[{"name":"wp","href":"https:\/\/api.w.org\/{rel}","templated":true}]}}