{"id":20396,"date":"2022-08-31T14:15:40","date_gmt":"2022-08-31T12:15:40","guid":{"rendered":"http:\/\/www.studiogera.de\/001\/?p=20396"},"modified":"2022-08-31T14:15:41","modified_gmt":"2022-08-31T12:15:41","slug":"fahrraddieb-in-der-nordstrasse","status":"publish","type":"post","link":"https:\/\/www.studiogera.de\/001\/2022\/08\/31\/fahrraddieb-in-der-nordstrasse\/","title":{"rendered":"FAHRRADDIEB IN DER NORDSTRASSE"},"content":{"rendered":"\n<p>Ein bislang noch unbekannter Dieb stahl in der Zeit zwischen dem 29. August, 17.30 Uhr, und 30. August, 9.30 Uhr, zwei Fahrr\u00e4der, die im Hinterhof eines Wohnhauses in der Nordstra\u00dfe abgestellt waren. Nachdem der T\u00e4ter das Schloss durchtrennt hatte, gelang ihm die Flucht. Insgesamt entstanden so mehrere Tausend Euro Beuteschaden. Die Polizei ermittelt zur Tat. Zeugenhinweise werden unter der Telefonnummer 0365 8290 entgegengenommen.<\/p>\n","protected":false},"excerpt":{"rendered":"<div class=\"mh-excerpt\"><p>Ein bislang noch unbekannter Dieb stahl in der Zeit zwischen dem 29. August, 17.30 Uhr, und 30. August, 9.30 Uhr, zwei Fahrr\u00e4der, die im Hinterhof eines Wohnhauses in der Nordstra\u00dfe abgestellt waren. Nachdem der T\u00e4ter <a class=\"mh-excerpt-more\" href=\"https:\/\/www.studiogera.de\/001\/2022\/08\/31\/fahrraddieb-in-der-nordstrasse\/\" title=\"FAHRRADDIEB IN DER NORDSTRASSE\">[&#8230;]<\/a><\/p>\n<\/div>","protected":false},"author":2,"featured_media":9356,"comment_status":"open","ping_status":"open","sticky":false,"template":"","format":"standard","meta":{"footnotes":""},"categories":[13],"tags":[],"class_list":{"0":"post-20396","1":"post","2":"type-post","3":"status-publish","4":"format-standard","5":"has-post-thumbnail","7":"category-polizeiberichte"},"_links":{"self":[{"href":"https:\/\/www.studiogera.de\/001\/wp-json\/wp\/v2\/posts\/20396","targetHints":{"allow":["GET"]}}],"collection":[{"href":"https:\/\/www.studiogera.de\/001\/wp-json\/wp\/v2\/posts"}],"about":[{"href":"https:\/\/www.studiogera.de\/001\/wp-json\/wp\/v2\/types\/post"}],"author":[{"embeddable":true,"href":"https:\/\/www.studiogera.de\/001\/wp-json\/wp\/v2\/users\/2"}],"replies":[{"embeddable":true,"href":"https:\/\/www.studiogera.de\/001\/wp-json\/wp\/v2\/comments?post=20396"}],"version-history":[{"count":1,"href":"https:\/\/www.studiogera.de\/001\/wp-json\/wp\/v2\/posts\/20396\/revisions"}],"predecessor-version":[{"id":20397,"href":"https:\/\/www.studiogera.de\/001\/wp-json\/wp\/v2\/posts\/20396\/revisions\/20397"}],"wp:featuredmedia":[{"embeddable":true,"href":"https:\/\/www.studiogera.de\/001\/wp-json\/wp\/v2\/media\/9356"}],"wp:attachment":[{"href":"https:\/\/www.studiogera.de\/001\/wp-json\/wp\/v2\/media?parent=20396"}],"wp:term":[{"taxonomy":"category","embeddable":true,"href":"https:\/\/www.studiogera.de\/001\/wp-json\/wp\/v2\/categories?post=20396"},{"taxonomy":"post_tag","embeddable":true,"href":"https:\/\/www.studiogera.de\/001\/wp-json\/wp\/v2\/tags?post=20396"}],"curies":[{"name":"wp","href":"https:\/\/api.w.org\/{rel}","templated":true}]}}