{"id":20407,"date":"2022-08-31T22:30:41","date_gmt":"2022-08-31T20:30:41","guid":{"rendered":"http:\/\/www.studiogera.de\/001\/?p=20407"},"modified":"2022-08-31T22:30:43","modified_gmt":"2022-08-31T20:30:43","slug":"theaterfabrik-spielzeit-beginnt-unter-neuer-leitung","status":"publish","type":"post","link":"https:\/\/www.studiogera.de\/001\/2022\/08\/31\/theaterfabrik-spielzeit-beginnt-unter-neuer-leitung\/","title":{"rendered":"THEATERFABRIK-SPIELZEIT BEGINNT UNTER NEUER LEITUNG"},"content":{"rendered":"\n<p>Die Theaterfabrik Gera, die hiesige theaterp\u00e4dagogische Abteilung des Theaters Altenburg Gera, beginnt die Spielzeit unter neuer F\u00fchrung. Zum Fabrik-Fr\u00fchst\u00fcck am Sonntag, den 11. September 2022, um 11 Uhr in der Tonhalle Clara-Zetkin-Stra\u00dfe 1 in Gera, werden sich Anne-Christin Martz und Nadja Grasselli als neue Theaterp\u00e4dagoginnen vorstellen und bei einem leckeren Fr\u00fchst\u00fcck, unterst\u00fctzt vom Unverpackt-Laden und die B\u00e4ckerei Oeser in Gera, zu bevorstehenden Workshops, Kursen und Projekten informieren.<\/p>\n\n\n\n<p>\u201eDiese Spielzeit steht unter dem Motto &#8218;Superheld*innen (oder fast)&#8216;. Mit dem Thema wollen wir Kinder und Jugendliche anregen, sich kreativ mit gesellschaftlichen Problemen zu besch\u00e4ftigen. Dar\u00fcber hinaus planen wir auch auch andere spannende Projekte\u201c, so Anne-Christin Martz.<\/p>\n\n\n\n<p>Sie und ihre Kollegin Nadja Grasselli freuen sich auf ihre kommenden Aufgaben in Gera und haben sich einiges vorgenommen. \u201eWir wollen die Zusammenarbeit mit den Sparten vertiefen und ein Netzwerk zu Stadtakteuren aufbauen, um die Theaterfabrik als Begnegnunsgort zu etabilieren. Wir freuen uns auf viele neue Gesichter und Gespr\u00e4che\u201c, so Nadja Grasselli.<\/p>\n\n\n\n<p>F\u00fcr Anne-Christin Martz ist \u201eVermittlung\u201c ein zentrales Thema. Egal ob in Radiobeitr\u00e4gen, bei Kulturprojekten oder verr\u00fcckten Aktionen wie \u201eTheater f\u00fcr vorbeifahrende Z\u00fcge\u201c \u2013 stets stellt sie sich die Frage, wie sie Menschen f\u00fcr \u201edie Sache\u201c begeistern kann. Ihre Liebe zu Kunst, Kultur, Musik und Theater f\u00fchrt sie immer wieder zu spannenden Aufgaben \u2013 bisher war sie u. a. f\u00fcr das Kunstfest Weimar, JenaKultur, das Kulturzentrum H\u00e4selburg, das Theater Altenburg Gera und den MDR t\u00e4tig. Anne-Christin Martz hat Musikjournalismus in Karlsruhe sowie Kulturvermittlung in Hildesheim und Marseille studiert. Sie ist 1988 in Jena geboren, ist verheiratet und hat drei S\u00f6hne.<\/p>\n\n\n\n<p>Nadja Grasselli ist in Italien aufgewachsen und lebt seit etwa 15 Jahren in Deutschland. Sie hat Politikwissenschaften an der Alma Mater Universit\u00e4t in Bologna (BA) und Europ\u00e4ische Literaturen (MA) an der Humboldt-Universit\u00e4t zu Berlin studiert. Seitdem arbeitet sie freiberuflich als Dramaturgin, Regisseurin, Autorin, Performerin, Radioredakteurin, Moderatorin, Leiterin soziokultureller Projekte und Theaterp\u00e4dagogin. Daf\u00fcr kooperiert sie mit Theatergruppen, soziokulturellen Vereinen, Universit\u00e4ten \u2014 vor allem in Deutschland und Italien \u2014 und leitet das Projekt LMN Liminale R\u00e4ume.<\/p>\n\n\n\n<p>Informationen zu den Angeboten der Theaterfabrik sind unter \u201e<a href=\"https:\/\/theater-altenburg-gera.de\/mitmachen-vermittlung\/angebote-fuer-schulen\/angebote-fuer-schulen\/\">https:\/\/theater-altenburg-gera.de\/mitmachen-vermittlung\/angebote-fuer-schulen\/angebote-fuer-schulen\/<\/a>\u201c zu finden.<\/p>\n\n\n\n<p>QUELLE: THEATER ALTENBURG GERA GGMBH<\/p>\n","protected":false},"excerpt":{"rendered":"<div class=\"mh-excerpt\"><p>Die Theaterfabrik Gera, die hiesige theaterp\u00e4dagogische Abteilung des Theaters Altenburg Gera, beginnt die Spielzeit unter neuer F\u00fchrung. Zum Fabrik-Fr\u00fchst\u00fcck am Sonntag, den 11. September 2022, um 11 Uhr in der Tonhalle Clara-Zetkin-Stra\u00dfe 1 in Gera, <a class=\"mh-excerpt-more\" href=\"https:\/\/www.studiogera.de\/001\/2022\/08\/31\/theaterfabrik-spielzeit-beginnt-unter-neuer-leitung\/\" title=\"THEATERFABRIK-SPIELZEIT BEGINNT UNTER NEUER LEITUNG\">[&#8230;]<\/a><\/p>\n<\/div>","protected":false},"author":2,"featured_media":20408,"comment_status":"open","ping_status":"open","sticky":false,"template":"","format":"standard","meta":{"footnotes":""},"categories":[15],"tags":[],"class_list":{"0":"post-20407","1":"post","2":"type-post","3":"status-publish","4":"format-standard","5":"has-post-thumbnail","7":"category-theater"},"_links":{"self":[{"href":"https:\/\/www.studiogera.de\/001\/wp-json\/wp\/v2\/posts\/20407","targetHints":{"allow":["GET"]}}],"collection":[{"href":"https:\/\/www.studiogera.de\/001\/wp-json\/wp\/v2\/posts"}],"about":[{"href":"https:\/\/www.studiogera.de\/001\/wp-json\/wp\/v2\/types\/post"}],"author":[{"embeddable":true,"href":"https:\/\/www.studiogera.de\/001\/wp-json\/wp\/v2\/users\/2"}],"replies":[{"embeddable":true,"href":"https:\/\/www.studiogera.de\/001\/wp-json\/wp\/v2\/comments?post=20407"}],"version-history":[{"count":1,"href":"https:\/\/www.studiogera.de\/001\/wp-json\/wp\/v2\/posts\/20407\/revisions"}],"predecessor-version":[{"id":20409,"href":"https:\/\/www.studiogera.de\/001\/wp-json\/wp\/v2\/posts\/20407\/revisions\/20409"}],"wp:featuredmedia":[{"embeddable":true,"href":"https:\/\/www.studiogera.de\/001\/wp-json\/wp\/v2\/media\/20408"}],"wp:attachment":[{"href":"https:\/\/www.studiogera.de\/001\/wp-json\/wp\/v2\/media?parent=20407"}],"wp:term":[{"taxonomy":"category","embeddable":true,"href":"https:\/\/www.studiogera.de\/001\/wp-json\/wp\/v2\/categories?post=20407"},{"taxonomy":"post_tag","embeddable":true,"href":"https:\/\/www.studiogera.de\/001\/wp-json\/wp\/v2\/tags?post=20407"}],"curies":[{"name":"wp","href":"https:\/\/api.w.org\/{rel}","templated":true}]}}