{"id":20410,"date":"2022-08-31T22:37:58","date_gmt":"2022-08-31T20:37:58","guid":{"rendered":"http:\/\/www.studiogera.de\/001\/?p=20410"},"modified":"2022-08-31T22:37:59","modified_gmt":"2022-08-31T20:37:59","slug":"lesung-ueber-ddr-heimerziehung-im-puppentheater","status":"publish","type":"post","link":"https:\/\/www.studiogera.de\/001\/2022\/08\/31\/lesung-ueber-ddr-heimerziehung-im-puppentheater\/","title":{"rendered":"LESUNG \u00dcBER DDR-HEIMERZIEHUNG IM PUPPENTHEATER"},"content":{"rendered":"\n<p>Im Rahmen einer Lesung stellt Manfred May drei individuelle, sehr unterschiedliche Schicksale von DDR-Heimerziehung am Donnerstag, den 8. September 202,2 um 18 Uhr im Puppentheater Gera vor. Berichtet wird von Drangsal und Schmerz, denen Kinder, in Spezialkinderheimen, Jugendwerkh\u00f6fen und Durchgangsheimen der DDR-Jugendhilfe ausgesetzt waren sowie von deren hartn\u00e4ckigen Behauptungsbem\u00fchungen. Sie selbst kommen zu Wort aus \u00fcberlieferten Akten und Protokollen ihrer Erzieher. Die vorgestellten drei Schicksale sind ein Auszug aus den inzwischen acht erschienen B\u00e4nden der \u201eedition H\u201c, die Manfred May herausgegeben hat.<\/p>\n\n\n\n<p>Manfred May arbeitet seit 1978 als freischaffender K\u00fcnstler und engagiert sich seit 32 Jahren sowohl beruflich als auch ehrenamtlich f\u00fcr die Aufarbeitung des Schicksals politisch Verfolgter. Seit 2003 ist er Ansprechpartner f\u00fcr ehemalige DDR-Heimkinder und baute die entsprechende Th\u00fcringer Anlaufstelle auf, die er bis 2013 auch leitete. Durch seine Beharrlichkeit wurde das Thema der DDR-Heimerziehung aktuell und pr\u00e4sent gehalten und die Gesellschaft f\u00fcr das Geschehene sensibilisiert. Weit \u00fcber seine eigentliche Aufgabe in der Anlaufstelle hinaus wurde er Zeuge individueller Auseinandersetzung. Aus den Selbstzeugnissen von Betroffenen entstand die \u201eedition H\u201c. Sie tr\u00e4gt die besondere Handschrift des K\u00fcnstlers und legt Zeitzeugnisse und Einblicke in das Leben von Menschen vor, die deutlich machen, was geschieht, wenn die W\u00fcrde eines Menschen, ganz besonders die eines Kindes, verletzt wird. Manfred May wurde f\u00fcr seine Verdienste bei der Aufarbeitung des DDR-Unrechts und insbesondere bei dem sensiblen Thema der DDR-Heimerziehung 2022 mit dem Verdienstkreuz am Bande des Verdienstordens der Bundesrepublik Deutschland gew\u00fcrdigt.<\/p>\n\n\n\n<p>Eine Veranstaltung der Gedenkst\u00e4tte Amthordurchgang und des Th\u00fcringer Archivs f\u00fcr Zeitgeschichte \u201eMatthias Domaschk\u201c in Jena.<\/p>\n\n\n\n<p>QUELLE: THEATER ALTENBURG GERA GGMBH<\/p>\n","protected":false},"excerpt":{"rendered":"<div class=\"mh-excerpt\"><p>Im Rahmen einer Lesung stellt Manfred May drei individuelle, sehr unterschiedliche Schicksale von DDR-Heimerziehung am Donnerstag, den 8. September 202,2 um 18 Uhr im Puppentheater Gera vor. Berichtet wird von Drangsal und Schmerz, denen Kinder, <a class=\"mh-excerpt-more\" href=\"https:\/\/www.studiogera.de\/001\/2022\/08\/31\/lesung-ueber-ddr-heimerziehung-im-puppentheater\/\" title=\"LESUNG \u00dcBER DDR-HEIMERZIEHUNG IM PUPPENTHEATER\">[&#8230;]<\/a><\/p>\n<\/div>","protected":false},"author":2,"featured_media":20411,"comment_status":"open","ping_status":"open","sticky":false,"template":"","format":"standard","meta":{"footnotes":""},"categories":[15],"tags":[],"class_list":{"0":"post-20410","1":"post","2":"type-post","3":"status-publish","4":"format-standard","5":"has-post-thumbnail","7":"category-theater"},"_links":{"self":[{"href":"https:\/\/www.studiogera.de\/001\/wp-json\/wp\/v2\/posts\/20410","targetHints":{"allow":["GET"]}}],"collection":[{"href":"https:\/\/www.studiogera.de\/001\/wp-json\/wp\/v2\/posts"}],"about":[{"href":"https:\/\/www.studiogera.de\/001\/wp-json\/wp\/v2\/types\/post"}],"author":[{"embeddable":true,"href":"https:\/\/www.studiogera.de\/001\/wp-json\/wp\/v2\/users\/2"}],"replies":[{"embeddable":true,"href":"https:\/\/www.studiogera.de\/001\/wp-json\/wp\/v2\/comments?post=20410"}],"version-history":[{"count":1,"href":"https:\/\/www.studiogera.de\/001\/wp-json\/wp\/v2\/posts\/20410\/revisions"}],"predecessor-version":[{"id":20412,"href":"https:\/\/www.studiogera.de\/001\/wp-json\/wp\/v2\/posts\/20410\/revisions\/20412"}],"wp:featuredmedia":[{"embeddable":true,"href":"https:\/\/www.studiogera.de\/001\/wp-json\/wp\/v2\/media\/20411"}],"wp:attachment":[{"href":"https:\/\/www.studiogera.de\/001\/wp-json\/wp\/v2\/media?parent=20410"}],"wp:term":[{"taxonomy":"category","embeddable":true,"href":"https:\/\/www.studiogera.de\/001\/wp-json\/wp\/v2\/categories?post=20410"},{"taxonomy":"post_tag","embeddable":true,"href":"https:\/\/www.studiogera.de\/001\/wp-json\/wp\/v2\/tags?post=20410"}],"curies":[{"name":"wp","href":"https:\/\/api.w.org\/{rel}","templated":true}]}}