{"id":20439,"date":"2022-09-02T23:04:01","date_gmt":"2022-09-02T21:04:01","guid":{"rendered":"http:\/\/www.studiogera.de\/001\/?p=20439"},"modified":"2022-09-02T23:04:04","modified_gmt":"2022-09-02T21:04:04","slug":"felix-eckerle-wird-neuer-kulturamtsleiter-in-der-stadt-gera","status":"publish","type":"post","link":"https:\/\/www.studiogera.de\/001\/2022\/09\/02\/felix-eckerle-wird-neuer-kulturamtsleiter-in-der-stadt-gera\/","title":{"rendered":"FELIX ECKERLE WIRD NEUER KULTURAMTSLEITER IN DER STADT GERA"},"content":{"rendered":"\n<p>Das Kulturamt erh\u00e4lt einen neuen Chef. Der designierte Kulturamtsleiter ist kein Unbekannter: Felix Eckerle.\u00a0Dieser ist derzeit bei der Theater Altenburg Gera gGmbH als Chefdramaturg angestellt und orientiert sich mit der F\u00fchrung des Kulturamts beruflich neu. Der 52-j\u00e4hrige ist In Karlsruhe geboren und hat sich seit der Spielzeit 2009\/2010 bei der damaligen Theater und Philharmonie Th\u00fcringen gGmbH etabliert. F\u00fcr Geras Stadtoberhaupt Julian Vonarb ist die Neu-Besetzung nach einer intensiven Suche ein gro\u00dfer Gewinn:<\/p>\n\n\n\n<blockquote class=\"wp-block-quote is-layout-flow wp-block-quote-is-layout-flow\"><p>\u201eDie Leitung des Kulturamts stellt eine Schl\u00fcsselstelle in der Stadt Gera dar, denn das Kultur- und Freizeitangebot ist ein wichtiges Gut und nimmt einen sehr hohen Stellenwert f\u00fcr die Bev\u00f6lkerung und die G\u00e4ste der Stadt ein. Aus diesem Grund habe ich das Thema Kultur in meiner Amtszeit zum Chefthema gemacht und die St\u00e4rkung der Kultur stets vorangetrieben. Nun haben wir eine mehr als w\u00fcrdige Besetzung gefunden. Ich bin mir absolut sicher, dass Herr Eckerle eine absolute Bereicherung sein wird und unserer Kultur seinen ganz eigenen Ausdruck verleiht. Seine Kompetenz und sein langj\u00e4hriges Engagement in unserem F\u00fcnf-Sparten-Theater sind dabei eine ideale Basis f\u00fcr unsere kulturelle Zukunft.\u201c<\/p><\/blockquote>\n\n\n\n<p>Dabei w\u00fcrdigte Vonarb, dass Eckerle der Stadt Gera und dem Kulturbereich im gesamten Th\u00fcringer Raum erhalten bleibe. Diese Personalie strahle bundesweit weit \u00fcber Geras Grenzen hinaus.<\/p>\n\n\n\n<p>Generalintendant und k\u00fcnstlerischer Gesch\u00e4ftsf\u00fchrer des Theaters, Kay Kuntze, sch\u00e4tzt den gemeinsamen beruflichen Weg der vergangenen Jahre:<\/p>\n\n\n\n<blockquote class=\"wp-block-quote is-layout-flow wp-block-quote-is-layout-flow\"><p>\u201eIch danke Felix Eckerle f\u00fcr die jahrelange gute Zusammenarbeit am Theater Altenburg Gera.\u00a0In den 14 Jahren seines Wirkens als Chefdramaturg hat er wichtige Impulse gesetzt und einen wesentlichen Anteil an der Ausrichtung und erfolgreichen Entwicklung des Theaters. Wir bem\u00fchen uns um baldige Nachbesetzung seiner Position, um einen z\u00fcgigen Wechsel zu erm\u00f6glichen.\u00a0Ich w\u00fcnsche ihm in der neuen Position einen guten Start und freue mich auf die Fortsetzung der guten Zusammenarbeit\u00a0zwischen uns auf anderer Ebene, in der ich\u00a0gro\u00dfes Potential sehe, Stadt und Theater besser zu vernetzen.\u201c<\/p><\/blockquote>\n\n\n\n<p>Derzeit laufen die Verhandlungen zwischen der Stadt Gera und dem Theater Altenburg Gera zum konkreten Arbeitsbeginn des neuen Kulturamtsleiters.<\/p>\n\n\n\n<p>QUELLE: STADTVERWALTUNG<\/p>\n","protected":false},"excerpt":{"rendered":"<div class=\"mh-excerpt\"><p>Das Kulturamt erh\u00e4lt einen neuen Chef. Der designierte Kulturamtsleiter ist kein Unbekannter: Felix Eckerle.\u00a0Dieser ist derzeit bei der Theater Altenburg Gera gGmbH als Chefdramaturg angestellt und orientiert sich mit der F\u00fchrung des Kulturamts beruflich neu. <a class=\"mh-excerpt-more\" href=\"https:\/\/www.studiogera.de\/001\/2022\/09\/02\/felix-eckerle-wird-neuer-kulturamtsleiter-in-der-stadt-gera\/\" title=\"FELIX ECKERLE WIRD NEUER KULTURAMTSLEITER IN DER STADT GERA\">[&#8230;]<\/a><\/p>\n<\/div>","protected":false},"author":2,"featured_media":7629,"comment_status":"open","ping_status":"open","sticky":false,"template":"","format":"standard","meta":{"footnotes":""},"categories":[8],"tags":[],"class_list":{"0":"post-20439","1":"post","2":"type-post","3":"status-publish","4":"format-standard","5":"has-post-thumbnail","7":"category-kultur"},"_links":{"self":[{"href":"https:\/\/www.studiogera.de\/001\/wp-json\/wp\/v2\/posts\/20439","targetHints":{"allow":["GET"]}}],"collection":[{"href":"https:\/\/www.studiogera.de\/001\/wp-json\/wp\/v2\/posts"}],"about":[{"href":"https:\/\/www.studiogera.de\/001\/wp-json\/wp\/v2\/types\/post"}],"author":[{"embeddable":true,"href":"https:\/\/www.studiogera.de\/001\/wp-json\/wp\/v2\/users\/2"}],"replies":[{"embeddable":true,"href":"https:\/\/www.studiogera.de\/001\/wp-json\/wp\/v2\/comments?post=20439"}],"version-history":[{"count":1,"href":"https:\/\/www.studiogera.de\/001\/wp-json\/wp\/v2\/posts\/20439\/revisions"}],"predecessor-version":[{"id":20440,"href":"https:\/\/www.studiogera.de\/001\/wp-json\/wp\/v2\/posts\/20439\/revisions\/20440"}],"wp:featuredmedia":[{"embeddable":true,"href":"https:\/\/www.studiogera.de\/001\/wp-json\/wp\/v2\/media\/7629"}],"wp:attachment":[{"href":"https:\/\/www.studiogera.de\/001\/wp-json\/wp\/v2\/media?parent=20439"}],"wp:term":[{"taxonomy":"category","embeddable":true,"href":"https:\/\/www.studiogera.de\/001\/wp-json\/wp\/v2\/categories?post=20439"},{"taxonomy":"post_tag","embeddable":true,"href":"https:\/\/www.studiogera.de\/001\/wp-json\/wp\/v2\/tags?post=20439"}],"curies":[{"name":"wp","href":"https:\/\/api.w.org\/{rel}","templated":true}]}}