{"id":20443,"date":"2022-09-02T23:41:03","date_gmt":"2022-09-02T21:41:03","guid":{"rendered":"http:\/\/www.studiogera.de\/001\/?p=20443"},"modified":"2022-09-02T23:41:06","modified_gmt":"2022-09-02T21:41:06","slug":"themen-im-innenstadtforum-am-13-september-2022","status":"publish","type":"post","link":"https:\/\/www.studiogera.de\/001\/2022\/09\/02\/themen-im-innenstadtforum-am-13-september-2022\/","title":{"rendered":"THEMEN IM INNENSTADTFORUM AM 13. SEPTEMBER 2022"},"content":{"rendered":"\n<p>Das Innenstadtforum l\u00e4dt zum\u00a0n\u00e4chsten\u00a0Austausch \u00fcber aktuelle\u00a0Themen ein.\u00a0Dieses\u00a0findet es am Dienstag, den 13. September 2022, ab 18.30 Uhr\u00a0im\u00a0Konferenzraum III im Kultur- und Kongresszentrum, Eingang D gegen\u00fcber der Pforte\u00a0im\u00a0Durchgang Schlo\u00dfstra\u00dfe zum Parkhaus, statt. Zu den Themen geh\u00f6ren unter anderem die Planung des\u00a0H\u00f6hlerfests, des M\u00e4rchenmarkts und die Marktsatzung. Im Forum wird informiert zum Stand der Vorbereitung, zu noch offenen Fragen und zum vorgesehenen Programm. Au\u00dferdem wartet die Diskussionsrunde mit einer Anerkennung auf: So wird als kleines Dankesch\u00f6n und als Ausdruck von Zusammenhalt und Engagement ein Aufkleber als eine Art Auszeichnung \u00fcbergeben. Diesen k\u00f6nnen sich die Mitwirkenden ins Schaufenster kleben. Alle Interessierten und besonders die Wochenmarktteilnehmer sind herzlich eingeladen, sich am Treffen zu beteiligen.\u00a0Hierzu und auch zu sonstigen Themen der Forumsteilnehmer stehen Ansprechpartner der Stadtverwaltung und des Innenstadtbeirates zur Verf\u00fcgung. Bei Fragen und Anliegen vorab hilft die Wirtschaftsf\u00f6rderung der Stadtverwaltung als Koordinationsstelle des Innenstadtforums unter der Rufnummer 0365 8381211.<\/p>\n\n\n\n<p>QUELLE: STADTVERWALTUNG<\/p>\n","protected":false},"excerpt":{"rendered":"<div class=\"mh-excerpt\"><p>Das Innenstadtforum l\u00e4dt zum\u00a0n\u00e4chsten\u00a0Austausch \u00fcber aktuelle\u00a0Themen ein.\u00a0Dieses\u00a0findet es am Dienstag, den 13. September 2022, ab 18.30 Uhr\u00a0im\u00a0Konferenzraum III im Kultur- und Kongresszentrum, Eingang D gegen\u00fcber der Pforte\u00a0im\u00a0Durchgang Schlo\u00dfstra\u00dfe zum Parkhaus, statt. Zu den Themen geh\u00f6ren <a class=\"mh-excerpt-more\" href=\"https:\/\/www.studiogera.de\/001\/2022\/09\/02\/themen-im-innenstadtforum-am-13-september-2022\/\" title=\"THEMEN IM INNENSTADTFORUM AM 13. SEPTEMBER 2022\">[&#8230;]<\/a><\/p>\n<\/div>","protected":false},"author":3,"featured_media":1630,"comment_status":"open","ping_status":"open","sticky":false,"template":"","format":"standard","meta":{"footnotes":""},"categories":[16],"tags":[],"class_list":{"0":"post-20443","1":"post","2":"type-post","3":"status-publish","4":"format-standard","5":"has-post-thumbnail","7":"category-kurzmitteilungen"},"_links":{"self":[{"href":"https:\/\/www.studiogera.de\/001\/wp-json\/wp\/v2\/posts\/20443","targetHints":{"allow":["GET"]}}],"collection":[{"href":"https:\/\/www.studiogera.de\/001\/wp-json\/wp\/v2\/posts"}],"about":[{"href":"https:\/\/www.studiogera.de\/001\/wp-json\/wp\/v2\/types\/post"}],"author":[{"embeddable":true,"href":"https:\/\/www.studiogera.de\/001\/wp-json\/wp\/v2\/users\/3"}],"replies":[{"embeddable":true,"href":"https:\/\/www.studiogera.de\/001\/wp-json\/wp\/v2\/comments?post=20443"}],"version-history":[{"count":1,"href":"https:\/\/www.studiogera.de\/001\/wp-json\/wp\/v2\/posts\/20443\/revisions"}],"predecessor-version":[{"id":20444,"href":"https:\/\/www.studiogera.de\/001\/wp-json\/wp\/v2\/posts\/20443\/revisions\/20444"}],"wp:featuredmedia":[{"embeddable":true,"href":"https:\/\/www.studiogera.de\/001\/wp-json\/wp\/v2\/media\/1630"}],"wp:attachment":[{"href":"https:\/\/www.studiogera.de\/001\/wp-json\/wp\/v2\/media?parent=20443"}],"wp:term":[{"taxonomy":"category","embeddable":true,"href":"https:\/\/www.studiogera.de\/001\/wp-json\/wp\/v2\/categories?post=20443"},{"taxonomy":"post_tag","embeddable":true,"href":"https:\/\/www.studiogera.de\/001\/wp-json\/wp\/v2\/tags?post=20443"}],"curies":[{"name":"wp","href":"https:\/\/api.w.org\/{rel}","templated":true}]}}