{"id":20445,"date":"2022-09-05T09:10:35","date_gmt":"2022-09-05T07:10:35","guid":{"rendered":"http:\/\/www.studiogera.de\/001\/?p=20445"},"modified":"2022-09-05T09:10:37","modified_gmt":"2022-09-05T07:10:37","slug":"ruhestoerung-in-der-schleizer-strasse","status":"publish","type":"post","link":"https:\/\/www.studiogera.de\/001\/2022\/09\/05\/ruhestoerung-in-der-schleizer-strasse\/","title":{"rendered":"RUHEST\u00d6RUNG IN DER SCHLEIZER STRASSE"},"content":{"rendered":"\n<p>Samstagnacht, am 3. September gegen 1.15 Uhr, kam es nach B\u00fcrgerhinweisen \u00fcber Ruhest\u00f6rung zu einem Polizeieinsatz in der Schleizer Stra\u00dfe in Lusan. Auf einem Parkplatz konnten mehrere Jugendliche und Erwachsene festgestellt werden, welche unter anderem durch das Abspielen von Musik die Nachtruhe im Wohngebiet erheblich st\u00f6rten. Die Personen wurden des Platzes verwiesen und erhielten eine Anzeige wegen Ruhest\u00f6rung. Eine 21-J\u00e4hrige aus der Gruppe wurde aufgrund eines bestehenden Haftbefehls festgenommen und am Folgetag nach richterlicher Entscheidung in eine Justizvollzugsanstalt \u00fcberstellt.<\/p>\n","protected":false},"excerpt":{"rendered":"<div class=\"mh-excerpt\"><p>Samstagnacht, am 3. September gegen 1.15 Uhr, kam es nach B\u00fcrgerhinweisen \u00fcber Ruhest\u00f6rung zu einem Polizeieinsatz in der Schleizer Stra\u00dfe in Lusan. Auf einem Parkplatz konnten mehrere Jugendliche und Erwachsene festgestellt werden, welche unter anderem <a class=\"mh-excerpt-more\" href=\"https:\/\/www.studiogera.de\/001\/2022\/09\/05\/ruhestoerung-in-der-schleizer-strasse\/\" title=\"RUHEST\u00d6RUNG IN DER SCHLEIZER STRASSE\">[&#8230;]<\/a><\/p>\n<\/div>","protected":false},"author":3,"featured_media":9353,"comment_status":"open","ping_status":"open","sticky":false,"template":"","format":"standard","meta":{"footnotes":""},"categories":[13],"tags":[],"class_list":{"0":"post-20445","1":"post","2":"type-post","3":"status-publish","4":"format-standard","5":"has-post-thumbnail","7":"category-polizeiberichte"},"_links":{"self":[{"href":"https:\/\/www.studiogera.de\/001\/wp-json\/wp\/v2\/posts\/20445","targetHints":{"allow":["GET"]}}],"collection":[{"href":"https:\/\/www.studiogera.de\/001\/wp-json\/wp\/v2\/posts"}],"about":[{"href":"https:\/\/www.studiogera.de\/001\/wp-json\/wp\/v2\/types\/post"}],"author":[{"embeddable":true,"href":"https:\/\/www.studiogera.de\/001\/wp-json\/wp\/v2\/users\/3"}],"replies":[{"embeddable":true,"href":"https:\/\/www.studiogera.de\/001\/wp-json\/wp\/v2\/comments?post=20445"}],"version-history":[{"count":1,"href":"https:\/\/www.studiogera.de\/001\/wp-json\/wp\/v2\/posts\/20445\/revisions"}],"predecessor-version":[{"id":20446,"href":"https:\/\/www.studiogera.de\/001\/wp-json\/wp\/v2\/posts\/20445\/revisions\/20446"}],"wp:featuredmedia":[{"embeddable":true,"href":"https:\/\/www.studiogera.de\/001\/wp-json\/wp\/v2\/media\/9353"}],"wp:attachment":[{"href":"https:\/\/www.studiogera.de\/001\/wp-json\/wp\/v2\/media?parent=20445"}],"wp:term":[{"taxonomy":"category","embeddable":true,"href":"https:\/\/www.studiogera.de\/001\/wp-json\/wp\/v2\/categories?post=20445"},{"taxonomy":"post_tag","embeddable":true,"href":"https:\/\/www.studiogera.de\/001\/wp-json\/wp\/v2\/tags?post=20445"}],"curies":[{"name":"wp","href":"https:\/\/api.w.org\/{rel}","templated":true}]}}