{"id":20695,"date":"2022-09-23T13:22:43","date_gmt":"2022-09-23T11:22:43","guid":{"rendered":"http:\/\/www.studiogera.de\/001\/?p=20695"},"modified":"2022-09-23T13:22:45","modified_gmt":"2022-09-23T11:22:45","slug":"mit-der-klima-agenda-in-den-totalitarismus","status":"publish","type":"post","link":"https:\/\/www.studiogera.de\/001\/2022\/09\/23\/mit-der-klima-agenda-in-den-totalitarismus\/","title":{"rendered":"MIT DER KLIMA-AGENDA IN DEN TOTALITARISMUS"},"content":{"rendered":"\n<p><em>Lesen Sie nachfolgend einen Kommentar zum Globalen Klimastreik und den Ausf\u00fchrungen des Weltwirtschaftsforums zur Netto-Null-Zukunft.<\/em><\/p>\n\n\n\n<p>Wieviele Menschen werden bereit sein, ihren Lebensstandard freiwillig zu senken? Wieviele werden das ganze Jahr \u00fcber arbeiten, und sich anschlie\u00dfend in Verzicht \u00fcben wollen? Eine Rebellion w\u00e4re vorprogrammiert!<\/p>\n\n\n\n<p>Fernab der Parlamente, in kleinen Denkfabriken hinter verschlossenen Toren, wird derweil das n\u00e4chste gro\u00dfe Thema vorbereitet: Nach der Pandemie soll die Klimakrise die Menschen einmal mehr in Angst und Schrecken versetzen. Dann w\u00e4ren sie bereit, den n\u00e4chsten Schritt zu akzeptieren. Das Weltwirtschaftsforum sieht die Pandemie als einen Test an und freut sich, dass Milliarden Menschen die damit verbundenen Einschr\u00e4nkungen akzeptiert haben. Mit den gewonnenen Erkenntnissen soll nun die Zukunft gestaltet werden.<\/p>\n\n\n\n<p>Raffiniert ist auch die Vorgehensweise: Die in kleinen Zirkeln erdachten Konzepte f\u00fcr die Lenkung der Gesellschaft kommen zun\u00e4chst als Empfehlung daher \u2014 nat\u00fcrlich wissenschaftlich begr\u00fcndet. Welcher Politiker w\u00fcrde es wagen, der Wissenschaft zu widersprechen? Und so geht es wissenschaftlich fundiert vom Corona-Lockdown zum Klima-Lockdown. Die kleine Verschnaufpause dazwischen hat offenbar nur den Zweck, Ruhe vor dem n\u00e4chsten Sturm zu schaffen. Ein schockierender Moment l\u00e4hmt um so st\u00e4rker, je sicherer die Normalit\u00e4t scheint.<\/p>\n\n\n\n<p><a href=\"https:\/\/www.weforum.org\/agenda\/2022\/09\/my-carbon-an-approach-for-inclusive-and-sustainable-cities\/\">https:\/\/www.weforum.org\/agenda\/2022\/09\/my-carbon-an-approach-for-inclusive-and-sustainable-cities\/<\/a><\/p>\n\n\n\n<p>Sowie das CO\u2082 die Rolle des unsichtbaren Feindes glaubhaft \u00fcbernommen hat, folgt auf den Corona-Pass die CO\u2082-Footprint-App. Entscheidend f\u00fcr das Gelingen ist die Einsatzbereitschaft neuer Technologien. Alles soll miteinander verbunden und l\u00fcckenlos kontrolliert werden k\u00f6nnen. Der Identit\u00e4tsnachweis verschmilzt mit dem Gesundheitspass, die Geldb\u00f6rse mit dem Sozialkreditsystem, und das Smartphone verwandelt sich in eine elektronische Fu\u00dffessel. Wer nicht freiwillig verhungern will, muss sie sich anlegen, und darf dann seine wissenschaftlich berechneten Kontingente nutzen.<\/p>\n\n\n\n<p><a href=\"https:\/\/intelligence.weforum.org\/topics\/a1Gb0000000LiPhEAK\">https:\/\/intelligence.weforum.org\/topics\/a1Gb0000000LiPhEAK<\/a><\/p>\n\n\n\n<p>Wohin f\u00fchrt das Ganze? In den Glauben, etwas gutes f\u00fcr die Natur zu tun und sie vor negativen menschlichen Einfl\u00fcssen zu retten, legen Klima-Aktivisten und gr\u00fcne Politiker die Pflastersteine f\u00fcr einen Weg, an dessen Ende alles unber\u00fchrt nat\u00fcrliche beseitigt ist. Ohne es zu merken, dienen sie sich jenen an, die in allen Gesch\u00f6pfen nicht mehr als ein Algorithmus sehen und von der \u00dcberzeugung getragen sind, gottgleiche Weltgestalter zu sein.<\/p>\n\n\n\n<p>KOMMENTAR<\/p>\n","protected":false},"excerpt":{"rendered":"<div class=\"mh-excerpt\"><p>Lesen Sie nachfolgend einen Kommentar zum Globalen Klimastreik und den Ausf\u00fchrungen des Weltwirtschaftsforums zur Netto-Null-Zukunft. Wieviele Menschen werden bereit sein, ihren Lebensstandard freiwillig zu senken? Wieviele werden das ganze Jahr \u00fcber arbeiten, und sich anschlie\u00dfend <a class=\"mh-excerpt-more\" href=\"https:\/\/www.studiogera.de\/001\/2022\/09\/23\/mit-der-klima-agenda-in-den-totalitarismus\/\" title=\"MIT DER KLIMA-AGENDA IN DEN TOTALITARISMUS\">[&#8230;]<\/a><\/p>\n<\/div>","protected":false},"author":2,"featured_media":20697,"comment_status":"open","ping_status":"open","sticky":false,"template":"","format":"standard","meta":{"footnotes":""},"categories":[6],"tags":[],"class_list":{"0":"post-20695","1":"post","2":"type-post","3":"status-publish","4":"format-standard","5":"has-post-thumbnail","7":"category-gesellschaft"},"_links":{"self":[{"href":"https:\/\/www.studiogera.de\/001\/wp-json\/wp\/v2\/posts\/20695","targetHints":{"allow":["GET"]}}],"collection":[{"href":"https:\/\/www.studiogera.de\/001\/wp-json\/wp\/v2\/posts"}],"about":[{"href":"https:\/\/www.studiogera.de\/001\/wp-json\/wp\/v2\/types\/post"}],"author":[{"embeddable":true,"href":"https:\/\/www.studiogera.de\/001\/wp-json\/wp\/v2\/users\/2"}],"replies":[{"embeddable":true,"href":"https:\/\/www.studiogera.de\/001\/wp-json\/wp\/v2\/comments?post=20695"}],"version-history":[{"count":2,"href":"https:\/\/www.studiogera.de\/001\/wp-json\/wp\/v2\/posts\/20695\/revisions"}],"predecessor-version":[{"id":20698,"href":"https:\/\/www.studiogera.de\/001\/wp-json\/wp\/v2\/posts\/20695\/revisions\/20698"}],"wp:featuredmedia":[{"embeddable":true,"href":"https:\/\/www.studiogera.de\/001\/wp-json\/wp\/v2\/media\/20697"}],"wp:attachment":[{"href":"https:\/\/www.studiogera.de\/001\/wp-json\/wp\/v2\/media?parent=20695"}],"wp:term":[{"taxonomy":"category","embeddable":true,"href":"https:\/\/www.studiogera.de\/001\/wp-json\/wp\/v2\/categories?post=20695"},{"taxonomy":"post_tag","embeddable":true,"href":"https:\/\/www.studiogera.de\/001\/wp-json\/wp\/v2\/tags?post=20695"}],"curies":[{"name":"wp","href":"https:\/\/api.w.org\/{rel}","templated":true}]}}