{"id":20746,"date":"2022-09-28T23:01:00","date_gmt":"2022-09-28T21:01:00","guid":{"rendered":"http:\/\/www.studiogera.de\/001\/?p=20746"},"modified":"2022-09-28T22:49:03","modified_gmt":"2022-09-28T20:49:03","slug":"verkehrseinschraenkungen-zum-hoehlerfest-2","status":"publish","type":"post","link":"https:\/\/www.studiogera.de\/001\/2022\/09\/28\/verkehrseinschraenkungen-zum-hoehlerfest-2\/","title":{"rendered":"VERKEHRSEINSCHR\u00c4NKUNGEN ZUM H\u00d6HLERFEST"},"content":{"rendered":"\n<p>Im Rahmen des diesj\u00e4hrigen H\u00f6hlerfestes kommt es zu folgenden Verkehrseinschr\u00e4nkungen in der Innenstadt: Auf dem Nicolaiberg, der Nicolaistra\u00dfe, der Schlo\u00dfstra\u00dfe und dem Puschkinplatz sind die \u00f6ffentlichen Parkpl\u00e4tze von Donnerstag, 6 Uhr, bis Dienstag, 4. Oktober, 18 Uhr, gesperrt. Im verkehrsberuhigten Bereich (Abzweig Dr.-Eckener-Stra\u00dfe) vor der Stadt- und Regionalbibliothek gilt vom Freitag, 6 Uhr, bis Montag, 3. Oktober, 24 Uhr, Halteverbot. Aufgrund der Verkehrseinschr\u00e4nkungen empfiehlt die Stadt Gera allen Besuchern des Festes, die \u00f6ffentlichen Verkehrsmittel zu nutzen. G\u00e4ste von aus der Region werden gebeten, ihre Fahrzeuge in den Parkh\u00e4usern der Innenstadt abstellen.<\/p>\n\n\n\n<p>Die Brosch\u00fcre zum H\u00f6hlerfest enth\u00e4lt alle Programmpunkte der Veranstaltung:<\/p>\n\n\n\n<div data-wp-interactive=\"core\/file\" class=\"wp-block-file\"><object data-wp-bind--hidden=\"!state.hasPdfPreview\" hidden class=\"wp-block-file__embed\" data=\"http:\/\/www.studiogera.de\/001\/wp-content\/uploads\/2022\/09\/PROGRAMMBLATT_004.pdf\" type=\"application\/pdf\" style=\"width:100%;height:600px\" aria-label=\"Einbettung von Einbettung von PROGRAMMBLATT_004..\"><\/object><a id=\"wp-block-file--media-51f2558c-b11d-4da8-b521-2ff24dc19e56\" href=\"http:\/\/www.studiogera.de\/001\/wp-content\/uploads\/2022\/09\/PROGRAMMBLATT_004.pdf\">PROGRAMMBLATT_004<\/a><a href=\"http:\/\/www.studiogera.de\/001\/wp-content\/uploads\/2022\/09\/PROGRAMMBLATT_004.pdf\" class=\"wp-block-file__button\" download aria-describedby=\"wp-block-file--media-51f2558c-b11d-4da8-b521-2ff24dc19e56\">Herunterladen<\/a><\/div>\n\n\n\n<p>QUELLE: STADTVERWALTUNG<\/p>\n","protected":false},"excerpt":{"rendered":"<div class=\"mh-excerpt\"><p>Im Rahmen des diesj\u00e4hrigen H\u00f6hlerfestes kommt es zu folgenden Verkehrseinschr\u00e4nkungen in der Innenstadt: Auf dem Nicolaiberg, der Nicolaistra\u00dfe, der Schlo\u00dfstra\u00dfe und dem Puschkinplatz sind die \u00f6ffentlichen Parkpl\u00e4tze von Donnerstag, 6 Uhr, bis Dienstag, 4. Oktober, <a class=\"mh-excerpt-more\" href=\"https:\/\/www.studiogera.de\/001\/2022\/09\/28\/verkehrseinschraenkungen-zum-hoehlerfest-2\/\" title=\"VERKEHRSEINSCHR\u00c4NKUNGEN ZUM H\u00d6HLERFEST\">[&#8230;]<\/a><\/p>\n<\/div>","protected":false},"author":2,"featured_media":8479,"comment_status":"open","ping_status":"open","sticky":false,"template":"","format":"standard","meta":{"footnotes":""},"categories":[16],"tags":[],"class_list":{"0":"post-20746","1":"post","2":"type-post","3":"status-publish","4":"format-standard","5":"has-post-thumbnail","7":"category-kurzmitteilungen"},"_links":{"self":[{"href":"https:\/\/www.studiogera.de\/001\/wp-json\/wp\/v2\/posts\/20746","targetHints":{"allow":["GET"]}}],"collection":[{"href":"https:\/\/www.studiogera.de\/001\/wp-json\/wp\/v2\/posts"}],"about":[{"href":"https:\/\/www.studiogera.de\/001\/wp-json\/wp\/v2\/types\/post"}],"author":[{"embeddable":true,"href":"https:\/\/www.studiogera.de\/001\/wp-json\/wp\/v2\/users\/2"}],"replies":[{"embeddable":true,"href":"https:\/\/www.studiogera.de\/001\/wp-json\/wp\/v2\/comments?post=20746"}],"version-history":[{"count":3,"href":"https:\/\/www.studiogera.de\/001\/wp-json\/wp\/v2\/posts\/20746\/revisions"}],"predecessor-version":[{"id":20773,"href":"https:\/\/www.studiogera.de\/001\/wp-json\/wp\/v2\/posts\/20746\/revisions\/20773"}],"wp:featuredmedia":[{"embeddable":true,"href":"https:\/\/www.studiogera.de\/001\/wp-json\/wp\/v2\/media\/8479"}],"wp:attachment":[{"href":"https:\/\/www.studiogera.de\/001\/wp-json\/wp\/v2\/media?parent=20746"}],"wp:term":[{"taxonomy":"category","embeddable":true,"href":"https:\/\/www.studiogera.de\/001\/wp-json\/wp\/v2\/categories?post=20746"},{"taxonomy":"post_tag","embeddable":true,"href":"https:\/\/www.studiogera.de\/001\/wp-json\/wp\/v2\/tags?post=20746"}],"curies":[{"name":"wp","href":"https:\/\/api.w.org\/{rel}","templated":true}]}}