{"id":20759,"date":"2022-09-28T02:15:06","date_gmt":"2022-09-28T00:15:06","guid":{"rendered":"http:\/\/www.studiogera.de\/001\/?p=20759"},"modified":"2022-09-28T14:24:25","modified_gmt":"2022-09-28T12:24:25","slug":"sabotage-an-gasleitungen-in-der-ostsee","status":"publish","type":"post","link":"https:\/\/www.studiogera.de\/001\/2022\/09\/28\/sabotage-an-gasleitungen-in-der-ostsee\/","title":{"rendered":"SABOTAGE AN GASLEITUNGEN IN DER OSTSEE"},"content":{"rendered":"\n<p>Die Gasleitungen Nord-Stream I und Nord-Stream II sind besch\u00e4digt. Zun\u00e4chst wurde ein auff\u00e4lliger Druckabfall registriert. Dann, am Morgen des 27. September 2022, entdeckten d\u00e4nische Kampfflieger aufsteigende Gasblasen in der Ostsee, nahe der Insel Bornholm. Dort tritt Gas in gro\u00dfen Mengen aus. Das schwedische seismische Zentrum meldete, dass am Montag, den 26. September 2022, im Bereich der Lecks starke Unterwasserexplosionen registriert wurden. Die Leitung Nord-Stream I wurde an zwei Stellen besch\u00e4digt, Nord-Stream II an einer Stelle. Im betroffenen Bereich liegen sie 70 Meter unter der Wasseroberfl\u00e4che. Die zweite Explosion hatte eine St\u00e4rke von mehr als 100 Kilogramm Dynamit bzw. 2,3 auf der Richterskala, sagte der schwedische Seismologe Bj\u00f6rn Lund.<\/p>\n\n\n\n<p>Russische Zeitungen melden, eine Marine-Einheit des US-Milit\u00e4rs habe sich im besagten Zeitfenster nahe der Insel Bornholm aufgehalten. Ein russischer Milit\u00e4rexperte schloss den Einsatz eines unbemannten Unterwasserfahrzeugs nicht aus, welches beispielsweise von einem \u00dcberwasserschiff \u00fcber ein Glasfaserkabel gesteuert worden sein k\u00f6nnte. Ein Hubschrauber der US Air Force mit dem Rufzeichen FFAB123 habe am 2. September 2022 den betroffenen Bereich mehrmals \u00fcberflogen. Au\u00dferdem habe das US-Milit\u00e4r zusammen mit den Nato-Verb\u00fcndeten im Rahmen seiner \u00dcbung BALTOPS 22 in der Ostsee unweit der Insel Bornholm Experimente mit Unterwasserdrohnen durchgef\u00fchrt.<\/p>\n\n\n\n<p>Die polnische Regierung steht ebenfalls im Fokus Russlands. Diese habe sich zuvor vehement gegen den Betrieb von Nord Stream II ausgesprochen. Wegen Polen habe Gazprom seine Lieferungen durch die Jamal-Europa-Pipeline eingestellt. Daher sei davon auszugehen, dass auch Polen ein Interesse an der Betriebsunf\u00e4higkeit der Ostseeleitungen habe. Tats\u00e4chlich ver\u00f6ffentlichte der polnische Europaabgeordnete Radek Sikorski \u00fcber einen Kurznachrichtendienst ein Bild von dem Vorfall in der Ostsee und schrieb darunter: \u201eThank you, USA.\u201c<\/p>\n\n\n\n<p>Unbest\u00e4tigten Berichten zufolge soll das US-Kriegsschiff Kearsarge zwei der nun besch\u00e4digten Stellen vor wenigen Tagen \u00fcberfahren haben. Mehrere deutsche Zeitungen berichten \u00fcber ein Man\u00f6ver in der Ostsee:<\/p>\n\n\n\n<blockquote class=\"wp-block-quote is-layout-flow wp-block-quote-is-layout-flow\"><p>Am Donnerstagmorgen (22. September 2022) passierte kurz vor 10 Uhr ein gro\u00dfer Kampfverband der USA den Fehmarnbelt. Die Fahrtrichtung war aber aus der Ostsee heraus. Die Kearsarge-Kampfgruppe hat ihren Auftrag erf\u00fcllt. Der Abzug nur einen Tag nach der Ank\u00fcndigung der Teilmobilmachung durch Russlands Pr\u00e4sident Wladimir Putin ist dabei etwas auff\u00e4llig. Es soll aber nicht der Grund sein. Seit Anfang August hatte die \u201eAmphibious Ready Group\u201c in der Ostsee Man\u00f6ver abgehalten und Verb\u00fcndete besucht. Diese \u00dcbungen endeten jetzt. Deshalb sammelte sich der Kampfverband am Mittwoch (21. September 2022) \u00f6stlich von Bornholm und trat den Weg in Richtung Westen an.<\/p><\/blockquote>\n\n\n\n<p>Auf westlicher Seite wird Russland verd\u00e4chtigt, f\u00fcr den Schaden verantwortlich zu sein. Die russische Regierung wolle die Destabilisierung Europas durch \u00c4ngste vor einem kalten Winter vorantreiben und den Anschein erwecken, als habe das US-Milit\u00e4r nach der Gro\u00df\u00fcbung die Leitungen zerst\u00f6rt.<\/p>\n\n\n\n<p>Durch die aufsteigenden Gase kann es an der Wasseroberfl\u00e4che zu Explosionen kommen. Die Besch\u00e4digung an den Leitungen hat derzeit keine Folgen f\u00fcr die Energieversorgung, da sie nicht verwendet werden. Die Bundesregierung arbeitet gegenw\u00e4rtig an dezentralen Versorgungsstrukturen, um Deutschland nicht zu sehr von einen Lieferanten abh\u00e4ngig zu machen. Die Leitung Nord-Stream II wurde auch deshalb nicht in Betrieb genommen, weil von Seiten der USA Druck auf die Bundesregierung ausge\u00fcbt wurde.<\/p>\n","protected":false},"excerpt":{"rendered":"<div class=\"mh-excerpt\"><p>Die Gasleitungen Nord-Stream I und Nord-Stream II sind besch\u00e4digt. Zun\u00e4chst wurde ein auff\u00e4lliger Druckabfall registriert. Dann, am Morgen des 27. September 2022, entdeckten d\u00e4nische Kampfflieger aufsteigende Gasblasen in der Ostsee, nahe der Insel Bornholm. Dort <a class=\"mh-excerpt-more\" href=\"https:\/\/www.studiogera.de\/001\/2022\/09\/28\/sabotage-an-gasleitungen-in-der-ostsee\/\" title=\"SABOTAGE AN GASLEITUNGEN IN DER OSTSEE\">[&#8230;]<\/a><\/p>\n<\/div>","protected":false},"author":3,"featured_media":20760,"comment_status":"open","ping_status":"open","sticky":false,"template":"","format":"standard","meta":{"footnotes":""},"categories":[1],"tags":[],"class_list":{"0":"post-20759","1":"post","2":"type-post","3":"status-publish","4":"format-standard","5":"has-post-thumbnail","7":"category-vermischtes"},"_links":{"self":[{"href":"https:\/\/www.studiogera.de\/001\/wp-json\/wp\/v2\/posts\/20759","targetHints":{"allow":["GET"]}}],"collection":[{"href":"https:\/\/www.studiogera.de\/001\/wp-json\/wp\/v2\/posts"}],"about":[{"href":"https:\/\/www.studiogera.de\/001\/wp-json\/wp\/v2\/types\/post"}],"author":[{"embeddable":true,"href":"https:\/\/www.studiogera.de\/001\/wp-json\/wp\/v2\/users\/3"}],"replies":[{"embeddable":true,"href":"https:\/\/www.studiogera.de\/001\/wp-json\/wp\/v2\/comments?post=20759"}],"version-history":[{"count":2,"href":"https:\/\/www.studiogera.de\/001\/wp-json\/wp\/v2\/posts\/20759\/revisions"}],"predecessor-version":[{"id":20770,"href":"https:\/\/www.studiogera.de\/001\/wp-json\/wp\/v2\/posts\/20759\/revisions\/20770"}],"wp:featuredmedia":[{"embeddable":true,"href":"https:\/\/www.studiogera.de\/001\/wp-json\/wp\/v2\/media\/20760"}],"wp:attachment":[{"href":"https:\/\/www.studiogera.de\/001\/wp-json\/wp\/v2\/media?parent=20759"}],"wp:term":[{"taxonomy":"category","embeddable":true,"href":"https:\/\/www.studiogera.de\/001\/wp-json\/wp\/v2\/categories?post=20759"},{"taxonomy":"post_tag","embeddable":true,"href":"https:\/\/www.studiogera.de\/001\/wp-json\/wp\/v2\/tags?post=20759"}],"curies":[{"name":"wp","href":"https:\/\/api.w.org\/{rel}","templated":true}]}}