{"id":20764,"date":"2022-09-28T10:20:39","date_gmt":"2022-09-28T08:20:39","guid":{"rendered":"http:\/\/www.studiogera.de\/001\/?p=20764"},"modified":"2022-09-28T10:24:00","modified_gmt":"2022-09-28T08:24:00","slug":"aktionstag-in-bieblach-von-14-uhr-bis-22-uhr","status":"publish","type":"post","link":"https:\/\/www.studiogera.de\/001\/2022\/09\/28\/aktionstag-in-bieblach-von-14-uhr-bis-22-uhr\/","title":{"rendered":"AKTIONSTAG IN BIEBLACH VON 14 UHR BIS 22 UHR"},"content":{"rendered":"\n<p>Im Stadtteil Bieblach wurde f\u00fcr den heutigen Aktionstag ein umfangreiches Programm vorbereitet. Dazu geh\u00f6ren Kaffee und Kuchen, eine H\u00fcpfburg f\u00fcr Kinder, ein Keramik-Bastelstand, Blutdruck- und Pulsmessungen, ein Flohmarkt mit Bastelstrecke, eine Stadtteilralley und Informationsst\u00e4nde der Beteiligten. Einzelheiten k\u00f6nnen dem beiliegenden Programmblatt entnommen werden.<\/p>\n\n\n\n<div data-wp-interactive=\"core\/file\" class=\"wp-block-file\"><object data-wp-bind--hidden=\"!state.hasPdfPreview\" hidden class=\"wp-block-file__embed\" data=\"http:\/\/www.studiogera.de\/001\/wp-content\/uploads\/2022\/09\/PROGRAMMBLATT_003.pdf\" type=\"application\/pdf\" style=\"width:100%;height:600px\" aria-label=\"Einbettung von Einbettung von PROGRAMMBLATT_003..\"><\/object><a id=\"wp-block-file--media-6335846e-2d25-4e75-8360-0023aa163169\" href=\"http:\/\/www.studiogera.de\/001\/wp-content\/uploads\/2022\/09\/PROGRAMMBLATT_003.pdf\">PROGRAMMBLATT_003<\/a><a href=\"http:\/\/www.studiogera.de\/001\/wp-content\/uploads\/2022\/09\/PROGRAMMBLATT_003.pdf\" class=\"wp-block-file__button\" download aria-describedby=\"wp-block-file--media-6335846e-2d25-4e75-8360-0023aa163169\">Herunterladen<\/a><\/div>\n\n\n\n<p>QUELLE: STADTVERWALTUNG<\/p>\n","protected":false},"excerpt":{"rendered":"<div class=\"mh-excerpt\"><p>Im Stadtteil Bieblach wurde f\u00fcr den heutigen Aktionstag ein umfangreiches Programm vorbereitet. Dazu geh\u00f6ren Kaffee und Kuchen, eine H\u00fcpfburg f\u00fcr Kinder, ein Keramik-Bastelstand, Blutdruck- und Pulsmessungen, ein Flohmarkt mit Bastelstrecke, eine Stadtteilralley und Informationsst\u00e4nde der <a class=\"mh-excerpt-more\" href=\"https:\/\/www.studiogera.de\/001\/2022\/09\/28\/aktionstag-in-bieblach-von-14-uhr-bis-22-uhr\/\" title=\"AKTIONSTAG IN BIEBLACH VON 14 UHR BIS 22 UHR\">[&#8230;]<\/a><\/p>\n<\/div>","protected":false},"author":2,"featured_media":20767,"comment_status":"open","ping_status":"open","sticky":false,"template":"","format":"standard","meta":{"footnotes":""},"categories":[16],"tags":[],"class_list":{"0":"post-20764","1":"post","2":"type-post","3":"status-publish","4":"format-standard","5":"has-post-thumbnail","7":"category-kurzmitteilungen"},"_links":{"self":[{"href":"https:\/\/www.studiogera.de\/001\/wp-json\/wp\/v2\/posts\/20764","targetHints":{"allow":["GET"]}}],"collection":[{"href":"https:\/\/www.studiogera.de\/001\/wp-json\/wp\/v2\/posts"}],"about":[{"href":"https:\/\/www.studiogera.de\/001\/wp-json\/wp\/v2\/types\/post"}],"author":[{"embeddable":true,"href":"https:\/\/www.studiogera.de\/001\/wp-json\/wp\/v2\/users\/2"}],"replies":[{"embeddable":true,"href":"https:\/\/www.studiogera.de\/001\/wp-json\/wp\/v2\/comments?post=20764"}],"version-history":[{"count":1,"href":"https:\/\/www.studiogera.de\/001\/wp-json\/wp\/v2\/posts\/20764\/revisions"}],"predecessor-version":[{"id":20766,"href":"https:\/\/www.studiogera.de\/001\/wp-json\/wp\/v2\/posts\/20764\/revisions\/20766"}],"wp:featuredmedia":[{"embeddable":true,"href":"https:\/\/www.studiogera.de\/001\/wp-json\/wp\/v2\/media\/20767"}],"wp:attachment":[{"href":"https:\/\/www.studiogera.de\/001\/wp-json\/wp\/v2\/media?parent=20764"}],"wp:term":[{"taxonomy":"category","embeddable":true,"href":"https:\/\/www.studiogera.de\/001\/wp-json\/wp\/v2\/categories?post=20764"},{"taxonomy":"post_tag","embeddable":true,"href":"https:\/\/www.studiogera.de\/001\/wp-json\/wp\/v2\/tags?post=20764"}],"curies":[{"name":"wp","href":"https:\/\/api.w.org\/{rel}","templated":true}]}}