{"id":20768,"date":"2022-09-28T10:40:51","date_gmt":"2022-09-28T08:40:51","guid":{"rendered":"http:\/\/www.studiogera.de\/001\/?p=20768"},"modified":"2022-09-28T10:40:54","modified_gmt":"2022-09-28T08:40:54","slug":"ermittlungen-zum-beschaedigten-tor-am-rathaus","status":"publish","type":"post","link":"https:\/\/www.studiogera.de\/001\/2022\/09\/28\/ermittlungen-zum-beschaedigten-tor-am-rathaus\/","title":{"rendered":"ERMITTLUNGEN ZUM BESCH\u00c4DIGTEN TOR AM RATHAUS"},"content":{"rendered":"\n<p>Die Ermittlungen zur Sachbesch\u00e4digung am Geraer Rathaus nahm am die Geraer Polizei am 27. September auf. Unbekannte T\u00e4ter hielten sich demnach in der Zeit zwischen dem 26. und 27. September auf dem Kornmarkt auf und besch\u00e4digten auf noch ungekl\u00e4rter Art und Weise das Holztor zum Innenhof des Rathauses. Anschlie\u00dfend gelang den T\u00e4tern unerkannt die Flucht. Die Geraer Polizei nimmt Zeugenhinweise unter der Rufnummer 0365 8290 entgegen.<\/p>\n","protected":false},"excerpt":{"rendered":"<div class=\"mh-excerpt\"><p>Die Ermittlungen zur Sachbesch\u00e4digung am Geraer Rathaus nahm am die Geraer Polizei am 27. September auf. Unbekannte T\u00e4ter hielten sich demnach in der Zeit zwischen dem 26. und 27. September auf dem Kornmarkt auf und <a class=\"mh-excerpt-more\" href=\"https:\/\/www.studiogera.de\/001\/2022\/09\/28\/ermittlungen-zum-beschaedigten-tor-am-rathaus\/\" title=\"ERMITTLUNGEN ZUM BESCH\u00c4DIGTEN TOR AM RATHAUS\">[&#8230;]<\/a><\/p>\n<\/div>","protected":false},"author":3,"featured_media":9350,"comment_status":"open","ping_status":"open","sticky":false,"template":"","format":"standard","meta":{"footnotes":""},"categories":[13],"tags":[],"class_list":{"0":"post-20768","1":"post","2":"type-post","3":"status-publish","4":"format-standard","5":"has-post-thumbnail","7":"category-polizeiberichte"},"_links":{"self":[{"href":"https:\/\/www.studiogera.de\/001\/wp-json\/wp\/v2\/posts\/20768","targetHints":{"allow":["GET"]}}],"collection":[{"href":"https:\/\/www.studiogera.de\/001\/wp-json\/wp\/v2\/posts"}],"about":[{"href":"https:\/\/www.studiogera.de\/001\/wp-json\/wp\/v2\/types\/post"}],"author":[{"embeddable":true,"href":"https:\/\/www.studiogera.de\/001\/wp-json\/wp\/v2\/users\/3"}],"replies":[{"embeddable":true,"href":"https:\/\/www.studiogera.de\/001\/wp-json\/wp\/v2\/comments?post=20768"}],"version-history":[{"count":1,"href":"https:\/\/www.studiogera.de\/001\/wp-json\/wp\/v2\/posts\/20768\/revisions"}],"predecessor-version":[{"id":20769,"href":"https:\/\/www.studiogera.de\/001\/wp-json\/wp\/v2\/posts\/20768\/revisions\/20769"}],"wp:featuredmedia":[{"embeddable":true,"href":"https:\/\/www.studiogera.de\/001\/wp-json\/wp\/v2\/media\/9350"}],"wp:attachment":[{"href":"https:\/\/www.studiogera.de\/001\/wp-json\/wp\/v2\/media?parent=20768"}],"wp:term":[{"taxonomy":"category","embeddable":true,"href":"https:\/\/www.studiogera.de\/001\/wp-json\/wp\/v2\/categories?post=20768"},{"taxonomy":"post_tag","embeddable":true,"href":"https:\/\/www.studiogera.de\/001\/wp-json\/wp\/v2\/tags?post=20768"}],"curies":[{"name":"wp","href":"https:\/\/api.w.org\/{rel}","templated":true}]}}