{"id":20775,"date":"2022-09-29T09:41:23","date_gmt":"2022-09-29T07:41:23","guid":{"rendered":"http:\/\/www.studiogera.de\/001\/?p=20775"},"modified":"2022-09-29T09:41:24","modified_gmt":"2022-09-29T07:41:24","slug":"orgelkonzert-mit-international-bekanntem-kirchenmusikdirektor","status":"publish","type":"post","link":"https:\/\/www.studiogera.de\/001\/2022\/09\/29\/orgelkonzert-mit-international-bekanntem-kirchenmusikdirektor\/","title":{"rendered":"ORGELKONZERT MIT INTERNATIONAL BEKANNTEM KIRCHENMUSIKDIREKTOR"},"content":{"rendered":"\n<p>Franz\u00f6sisch-deutsche Orgelromantik kann am Sonntag, den 2. Oktober 2022, um 14.30 Uhr im Konzertsaal Gera erlebt werden. Die wunderbare Sauer-Orgel bringt diesmal Henk Galenkamp, Kirchenmusikdirektor am Dom St. Marien in Zwickau, zum erklingen. Den aus den Niederlanden stammenden Organisten f\u00fchrte seine internationale Konzertt\u00e4tigkeit als Organist bereits nach England, Frankreich, Italien und in die USA. In Gera widmet er sich in diesem eigenen Orgelkonzert der romantischen Orgelmusik von Felix Mendelssohn Bartholdy, Josef Gabriel Rheinberger, Alexandre Guilmant, C\u00e9sar Franck und anderen.<\/p>\n\n\n\n<p>Die Theaterkasse f\u00fcr Gera befindet sich in der Spielst\u00e4tte B\u00fchne am Park, Theaterplatz 1, und ist dienstags, mittwochs und freitags von 10 Uhr bis 17 Uhr, sowie am donnerstags von 10 Uhr bis 19 Uhr ge\u00f6ffnet. Dar\u00fcber hinaus erfolgt der Kartenvorverkauf jederzeit auch \u00fcber den Webshop. Dieser ist unter der Adresse \u201ewww.theater-altenburg-gera.de\u201c erreichbar.<\/p>\n\n\n\n<p>QUELLE: THEATER ALTENBURG GERA GGMBH<\/p>\n","protected":false},"excerpt":{"rendered":"<div class=\"mh-excerpt\"><p>Franz\u00f6sisch-deutsche Orgelromantik kann am Sonntag, den 2. Oktober 2022, um 14.30 Uhr im Konzertsaal Gera erlebt werden. Die wunderbare Sauer-Orgel bringt diesmal Henk Galenkamp, Kirchenmusikdirektor am Dom St. Marien in Zwickau, zum erklingen. Den aus <a class=\"mh-excerpt-more\" href=\"https:\/\/www.studiogera.de\/001\/2022\/09\/29\/orgelkonzert-mit-international-bekanntem-kirchenmusikdirektor\/\" title=\"ORGELKONZERT MIT INTERNATIONAL BEKANNTEM KIRCHENMUSIKDIREKTOR\">[&#8230;]<\/a><\/p>\n<\/div>","protected":false},"author":2,"featured_media":20776,"comment_status":"open","ping_status":"open","sticky":false,"template":"","format":"standard","meta":{"footnotes":""},"categories":[15],"tags":[],"class_list":{"0":"post-20775","1":"post","2":"type-post","3":"status-publish","4":"format-standard","5":"has-post-thumbnail","7":"category-theater"},"_links":{"self":[{"href":"https:\/\/www.studiogera.de\/001\/wp-json\/wp\/v2\/posts\/20775","targetHints":{"allow":["GET"]}}],"collection":[{"href":"https:\/\/www.studiogera.de\/001\/wp-json\/wp\/v2\/posts"}],"about":[{"href":"https:\/\/www.studiogera.de\/001\/wp-json\/wp\/v2\/types\/post"}],"author":[{"embeddable":true,"href":"https:\/\/www.studiogera.de\/001\/wp-json\/wp\/v2\/users\/2"}],"replies":[{"embeddable":true,"href":"https:\/\/www.studiogera.de\/001\/wp-json\/wp\/v2\/comments?post=20775"}],"version-history":[{"count":1,"href":"https:\/\/www.studiogera.de\/001\/wp-json\/wp\/v2\/posts\/20775\/revisions"}],"predecessor-version":[{"id":20777,"href":"https:\/\/www.studiogera.de\/001\/wp-json\/wp\/v2\/posts\/20775\/revisions\/20777"}],"wp:featuredmedia":[{"embeddable":true,"href":"https:\/\/www.studiogera.de\/001\/wp-json\/wp\/v2\/media\/20776"}],"wp:attachment":[{"href":"https:\/\/www.studiogera.de\/001\/wp-json\/wp\/v2\/media?parent=20775"}],"wp:term":[{"taxonomy":"category","embeddable":true,"href":"https:\/\/www.studiogera.de\/001\/wp-json\/wp\/v2\/categories?post=20775"},{"taxonomy":"post_tag","embeddable":true,"href":"https:\/\/www.studiogera.de\/001\/wp-json\/wp\/v2\/tags?post=20775"}],"curies":[{"name":"wp","href":"https:\/\/api.w.org\/{rel}","templated":true}]}}