{"id":20862,"date":"2022-10-09T00:01:00","date_gmt":"2022-10-08T22:01:00","guid":{"rendered":"http:\/\/www.studiogera.de\/001\/?p=20862"},"modified":"2022-10-06T00:27:34","modified_gmt":"2022-10-05T22:27:34","slug":"tag-der-offenen-tuer-im-tierheim-der-stadt-gera","status":"publish","type":"post","link":"https:\/\/www.studiogera.de\/001\/2022\/10\/09\/tag-der-offenen-tuer-im-tierheim-der-stadt-gera\/","title":{"rendered":"TAG DER OFFENEN T\u00dcR IM TIERHEIM DER STADT GERA"},"content":{"rendered":"\n<p>Der F\u00f6rderverein Tierheim Gera e. V. und die Geraer Stadtverwaltung laden alle Tierfreunde in und um Gera zum \u201eTag der offenen T\u00fcr\u201c am Sonntag, den 9. Oktober 2022, in der Zeit von 11 Uhr bis 16 Uhr ins Tierheim der Stadt Gera ein. Die Tierheimmitarbeiter beraten gern zum derzeitigen Tierbestand der Sch\u00fctzlinge, die dringend ein neues Zuhause suchen. Auch Fragen zum Thema Tierschutz und Tierhaltung werden beantwortet. Alle Interessierten erwartet neben den Bewohnern des Tierheims und der Tiervermittlung ein Speisen- und Getr\u00e4nkeangebot organisiert vom F\u00f6rderverein Tierheim Gera e. V., den Tierpflegern des Tierheimes und weiteren Helfenden des Feuerwehrvereins und der Freiwilligen Feuerwehr Hartmannsdorf.<\/p>\n\n\n\n<p>Die Anfahrt zum Tierheim Gera kann mit dem PKW \u00fcber Untermhaus nach Milbitz, oder \u00fcber den Franzosenweg am \u201eM\u00f6bel-Rieger\u201c bis zur Eisenbahnunterf\u00fchrung erfolgen. Per Stra\u00dfenbahn ist die Ausstiegsstelle die Haltestelle Duale Hochschule. Von dort aus geht es weiter zu Fu\u00df vorbei am \u201eM\u00f6bel-Rieger\u201c, am Bach \u201eBrahme\u201c entlang, per Bus ab Untermhaus mit der Linie 20 in Richtung Milbitz, Haltestelle Milbitz.<\/p>\n\n\n\n<p>QUELLE: VER\u00d6FFENTLICHUNG DER STADT GERA<\/p>\n","protected":false},"excerpt":{"rendered":"<div class=\"mh-excerpt\"><p>Der F\u00f6rderverein Tierheim Gera e. V. und die Geraer Stadtverwaltung laden alle Tierfreunde in und um Gera zum \u201eTag der offenen T\u00fcr\u201c am Sonntag, den 9. Oktober 2022, in der Zeit von 11 Uhr bis <a class=\"mh-excerpt-more\" href=\"https:\/\/www.studiogera.de\/001\/2022\/10\/09\/tag-der-offenen-tuer-im-tierheim-der-stadt-gera\/\" title=\"TAG DER OFFENEN T\u00dcR IM TIERHEIM DER STADT GERA\">[&#8230;]<\/a><\/p>\n<\/div>","protected":false},"author":2,"featured_media":19518,"comment_status":"open","ping_status":"open","sticky":false,"template":"","format":"standard","meta":{"footnotes":""},"categories":[16],"tags":[],"class_list":{"0":"post-20862","1":"post","2":"type-post","3":"status-publish","4":"format-standard","5":"has-post-thumbnail","7":"category-kurzmitteilungen"},"_links":{"self":[{"href":"https:\/\/www.studiogera.de\/001\/wp-json\/wp\/v2\/posts\/20862","targetHints":{"allow":["GET"]}}],"collection":[{"href":"https:\/\/www.studiogera.de\/001\/wp-json\/wp\/v2\/posts"}],"about":[{"href":"https:\/\/www.studiogera.de\/001\/wp-json\/wp\/v2\/types\/post"}],"author":[{"embeddable":true,"href":"https:\/\/www.studiogera.de\/001\/wp-json\/wp\/v2\/users\/2"}],"replies":[{"embeddable":true,"href":"https:\/\/www.studiogera.de\/001\/wp-json\/wp\/v2\/comments?post=20862"}],"version-history":[{"count":1,"href":"https:\/\/www.studiogera.de\/001\/wp-json\/wp\/v2\/posts\/20862\/revisions"}],"predecessor-version":[{"id":20863,"href":"https:\/\/www.studiogera.de\/001\/wp-json\/wp\/v2\/posts\/20862\/revisions\/20863"}],"wp:featuredmedia":[{"embeddable":true,"href":"https:\/\/www.studiogera.de\/001\/wp-json\/wp\/v2\/media\/19518"}],"wp:attachment":[{"href":"https:\/\/www.studiogera.de\/001\/wp-json\/wp\/v2\/media?parent=20862"}],"wp:term":[{"taxonomy":"category","embeddable":true,"href":"https:\/\/www.studiogera.de\/001\/wp-json\/wp\/v2\/categories?post=20862"},{"taxonomy":"post_tag","embeddable":true,"href":"https:\/\/www.studiogera.de\/001\/wp-json\/wp\/v2\/tags?post=20862"}],"curies":[{"name":"wp","href":"https:\/\/api.w.org\/{rel}","templated":true}]}}