{"id":20867,"date":"2022-10-09T12:01:00","date_gmt":"2022-10-09T10:01:00","guid":{"rendered":"http:\/\/www.studiogera.de\/001\/?p=20867"},"modified":"2022-10-06T02:06:51","modified_gmt":"2022-10-06T00:06:51","slug":"fuehrung-durch-sonderausstellung-im-stadtmuseum","status":"publish","type":"post","link":"https:\/\/www.studiogera.de\/001\/2022\/10\/09\/fuehrung-durch-sonderausstellung-im-stadtmuseum\/","title":{"rendered":"F\u00dcHRUNG DURCH SONDERAUSSTELLUNG IM STADTMUSEUM"},"content":{"rendered":"\n<p>Am 9. Oktober um 14 Uhr beginnt im Stadtmuseum die n\u00e4chste F\u00fchrung durch die Ausstellung \u201eGera \u2013 eine Stadt ver\u00e4ndert sich\u201c. Gezeigt werden rund 120 gro\u00dfformatige Aufnahmen des Fotografen Hans-Joachim Hirsch von den 1960er Jahren bis heute. Im Mittelpunkt stehen dabei weniger die bedeutenden und hervorragenden Stra\u00dfen und Geb\u00e4ude, sondern vielmehr die unbekannteren und heute gr\u00f6\u00dftenteils verschwundenen Bereiche der ehemaligen Bezirksstadt.<\/p>\n\n\n\n<p>QUELLE: VER\u00d6FFENTLICHUNG DER STADT GERA<\/p>\n","protected":false},"excerpt":{"rendered":"<div class=\"mh-excerpt\"><p>Am 9. Oktober um 14 Uhr beginnt im Stadtmuseum die n\u00e4chste F\u00fchrung durch die Ausstellung \u201eGera \u2013 eine Stadt ver\u00e4ndert sich\u201c. Gezeigt werden rund 120 gro\u00dfformatige Aufnahmen des Fotografen Hans-Joachim Hirsch von den 1960er Jahren <a class=\"mh-excerpt-more\" href=\"https:\/\/www.studiogera.de\/001\/2022\/10\/09\/fuehrung-durch-sonderausstellung-im-stadtmuseum\/\" title=\"F\u00dcHRUNG DURCH SONDERAUSSTELLUNG IM STADTMUSEUM\">[&#8230;]<\/a><\/p>\n<\/div>","protected":false},"author":2,"featured_media":1630,"comment_status":"open","ping_status":"open","sticky":false,"template":"","format":"standard","meta":{"footnotes":""},"categories":[16],"tags":[],"class_list":{"0":"post-20867","1":"post","2":"type-post","3":"status-publish","4":"format-standard","5":"has-post-thumbnail","7":"category-kurzmitteilungen"},"_links":{"self":[{"href":"https:\/\/www.studiogera.de\/001\/wp-json\/wp\/v2\/posts\/20867","targetHints":{"allow":["GET"]}}],"collection":[{"href":"https:\/\/www.studiogera.de\/001\/wp-json\/wp\/v2\/posts"}],"about":[{"href":"https:\/\/www.studiogera.de\/001\/wp-json\/wp\/v2\/types\/post"}],"author":[{"embeddable":true,"href":"https:\/\/www.studiogera.de\/001\/wp-json\/wp\/v2\/users\/2"}],"replies":[{"embeddable":true,"href":"https:\/\/www.studiogera.de\/001\/wp-json\/wp\/v2\/comments?post=20867"}],"version-history":[{"count":1,"href":"https:\/\/www.studiogera.de\/001\/wp-json\/wp\/v2\/posts\/20867\/revisions"}],"predecessor-version":[{"id":20868,"href":"https:\/\/www.studiogera.de\/001\/wp-json\/wp\/v2\/posts\/20867\/revisions\/20868"}],"wp:featuredmedia":[{"embeddable":true,"href":"https:\/\/www.studiogera.de\/001\/wp-json\/wp\/v2\/media\/1630"}],"wp:attachment":[{"href":"https:\/\/www.studiogera.de\/001\/wp-json\/wp\/v2\/media?parent=20867"}],"wp:term":[{"taxonomy":"category","embeddable":true,"href":"https:\/\/www.studiogera.de\/001\/wp-json\/wp\/v2\/categories?post=20867"},{"taxonomy":"post_tag","embeddable":true,"href":"https:\/\/www.studiogera.de\/001\/wp-json\/wp\/v2\/tags?post=20867"}],"curies":[{"name":"wp","href":"https:\/\/api.w.org\/{rel}","templated":true}]}}