{"id":20914,"date":"2022-10-08T12:25:16","date_gmt":"2022-10-08T10:25:16","guid":{"rendered":"http:\/\/www.studiogera.de\/001\/?p=20914"},"modified":"2022-10-08T12:25:17","modified_gmt":"2022-10-08T10:25:17","slug":"erste-massnahmen-zur-einsparung-von-energie","status":"publish","type":"post","link":"https:\/\/www.studiogera.de\/001\/2022\/10\/08\/erste-massnahmen-zur-einsparung-von-energie\/","title":{"rendered":"ERSTE MASSNAHMEN ZUR EINSPARUNG VON ENERGIE"},"content":{"rendered":"\n<p>In Gera werden von Seiten der Stadt bereits erste Ma\u00dfnahmen zur Einsparung von Energie umgesetzt. Die Au\u00dfenbeleuchtung des Rathauses, des Bergfriedes auf dem Osterstein und auf dem Vorplatz des Hauptbahnhofes wurde abgeschaltet, die Wassertemperatur im Hofwiesenbad um 2 \u00b0C gesenkt. Gleichzeitig sind Vorbereitungen f\u00fcr eine Krisensituation im Gange. Dazu geh\u00f6rt ein Stufenplan mit verschiedenen Szenarien und Ma\u00dfnahmen. Dieser beinhaltet ebenfalls Ergebnisse von Pr\u00fcfungen, u. a. der Stra\u00dfenbeleuchtung, teilt die Stadtverwaltung mit.<\/p>\n\n\n\n<p>Es gilt ein allgemeines Einsparziel von 15 % bez\u00fcglich Elektrizit\u00e4t und Gas. Die Stadtverwaltung arbeite daran, selbst 10 % bis 15 % einzusparen, hei\u00dft es in einer Mitteilung. Die technische Umsetzung gestalte sich wegen der unterschiedlichen Gegebenheiten in den einzelnen Amtsgeb\u00e4uden und Einrichtungen allerdings schwierig.<\/p>\n\n\n\n<p>Den gr\u00f6\u00dften Anteil am Energieverbrauch zu Lasten der Stadtkasse haben Schulen und Turnhallen. Dort werden die Einschr\u00e4nkungen so gering wie m\u00f6glich gehalten. Die Stra\u00dfenbeleuchtung hat am Energieverbrauch einen Anteil von knapp 10 %, bezogen auf dem Gesamtverbrauch. Der Einspareffekt liegt bei einem Prozent, wenn man das Licht eine Stunde sp\u00e4ter ein, und eine Stunde fr\u00fcher ausschaltet. Der Oberb\u00fcrgermeister geht davon aus, das Bund und Land zur Sicherstellung der Energieversorgung einheitliche Regeln zum Abschalten von Einrichtungen vorgeben werden. Entsprechend \u00e4u\u00dferte er sich in seiner Videobotschaft vom 23. September 2022. Der Mehraufwand f\u00fcr den st\u00e4dtischen Haushalt erh\u00f6ht sich von 3,5 Millionen Euro auf f\u00fcnf Millionen Euro; f\u00fcr das kommende Jahr wird von einem Mehraufwand in H\u00f6he neun Millionen Euro ausgegangen.<\/p>\n","protected":false},"excerpt":{"rendered":"<div class=\"mh-excerpt\"><p>In Gera werden von Seiten der Stadt bereits erste Ma\u00dfnahmen zur Einsparung von Energie umgesetzt. Die Au\u00dfenbeleuchtung des Rathauses, des Bergfriedes auf dem Osterstein und auf dem Vorplatz des Hauptbahnhofes wurde abgeschaltet, die Wassertemperatur im <a class=\"mh-excerpt-more\" href=\"https:\/\/www.studiogera.de\/001\/2022\/10\/08\/erste-massnahmen-zur-einsparung-von-energie\/\" title=\"ERSTE MASSNAHMEN ZUR EINSPARUNG VON ENERGIE\">[&#8230;]<\/a><\/p>\n<\/div>","protected":false},"author":2,"featured_media":20915,"comment_status":"open","ping_status":"open","sticky":false,"template":"","format":"standard","meta":{"footnotes":""},"categories":[3],"tags":[],"class_list":{"0":"post-20914","1":"post","2":"type-post","3":"status-publish","4":"format-standard","5":"has-post-thumbnail","7":"category-lokal"},"_links":{"self":[{"href":"https:\/\/www.studiogera.de\/001\/wp-json\/wp\/v2\/posts\/20914","targetHints":{"allow":["GET"]}}],"collection":[{"href":"https:\/\/www.studiogera.de\/001\/wp-json\/wp\/v2\/posts"}],"about":[{"href":"https:\/\/www.studiogera.de\/001\/wp-json\/wp\/v2\/types\/post"}],"author":[{"embeddable":true,"href":"https:\/\/www.studiogera.de\/001\/wp-json\/wp\/v2\/users\/2"}],"replies":[{"embeddable":true,"href":"https:\/\/www.studiogera.de\/001\/wp-json\/wp\/v2\/comments?post=20914"}],"version-history":[{"count":1,"href":"https:\/\/www.studiogera.de\/001\/wp-json\/wp\/v2\/posts\/20914\/revisions"}],"predecessor-version":[{"id":20916,"href":"https:\/\/www.studiogera.de\/001\/wp-json\/wp\/v2\/posts\/20914\/revisions\/20916"}],"wp:featuredmedia":[{"embeddable":true,"href":"https:\/\/www.studiogera.de\/001\/wp-json\/wp\/v2\/media\/20915"}],"wp:attachment":[{"href":"https:\/\/www.studiogera.de\/001\/wp-json\/wp\/v2\/media?parent=20914"}],"wp:term":[{"taxonomy":"category","embeddable":true,"href":"https:\/\/www.studiogera.de\/001\/wp-json\/wp\/v2\/categories?post=20914"},{"taxonomy":"post_tag","embeddable":true,"href":"https:\/\/www.studiogera.de\/001\/wp-json\/wp\/v2\/tags?post=20914"}],"curies":[{"name":"wp","href":"https:\/\/api.w.org\/{rel}","templated":true}]}}