{"id":20946,"date":"2022-10-10T11:04:27","date_gmt":"2022-10-10T09:04:27","guid":{"rendered":"http:\/\/www.studiogera.de\/001\/?p=20946"},"modified":"2022-10-10T11:04:29","modified_gmt":"2022-10-10T09:04:29","slug":"verbale-bedrohung-in-der-talstrasse","status":"publish","type":"post","link":"https:\/\/www.studiogera.de\/001\/2022\/10\/10\/verbale-bedrohung-in-der-talstrasse\/","title":{"rendered":"VERBALE BEDROHUNG IN DER TALSTRASSE"},"content":{"rendered":"\n<p>Am Abend des 9. Oktober gerieten um 18.45 Uhr zwei m\u00e4nnliche Personen in der Talstra\u00dfe in Streit. In dessen Verlauf bedrohte einer der M\u00e4nner den anderen mit Schl\u00e4gen. Anschlie\u00dfend verlie\u00df er die Tat\u00f6rtlichkeit, kehrte sp\u00e4ter jedoch zur\u00fcck. Zu t\u00e4tlichen Auseinandersetzungen zwischen den beiden kam es nicht.<\/p>\n","protected":false},"excerpt":{"rendered":"<div class=\"mh-excerpt\"><p>Am Abend des 9. Oktober gerieten um 18.45 Uhr zwei m\u00e4nnliche Personen in der Talstra\u00dfe in Streit. In dessen Verlauf bedrohte einer der M\u00e4nner den anderen mit Schl\u00e4gen. Anschlie\u00dfend verlie\u00df er die Tat\u00f6rtlichkeit, kehrte sp\u00e4ter <a class=\"mh-excerpt-more\" href=\"https:\/\/www.studiogera.de\/001\/2022\/10\/10\/verbale-bedrohung-in-der-talstrasse\/\" title=\"VERBALE BEDROHUNG IN DER TALSTRASSE\">[&#8230;]<\/a><\/p>\n<\/div>","protected":false},"author":3,"featured_media":9352,"comment_status":"open","ping_status":"open","sticky":false,"template":"","format":"standard","meta":{"footnotes":""},"categories":[13],"tags":[],"class_list":{"0":"post-20946","1":"post","2":"type-post","3":"status-publish","4":"format-standard","5":"has-post-thumbnail","7":"category-polizeiberichte"},"_links":{"self":[{"href":"https:\/\/www.studiogera.de\/001\/wp-json\/wp\/v2\/posts\/20946","targetHints":{"allow":["GET"]}}],"collection":[{"href":"https:\/\/www.studiogera.de\/001\/wp-json\/wp\/v2\/posts"}],"about":[{"href":"https:\/\/www.studiogera.de\/001\/wp-json\/wp\/v2\/types\/post"}],"author":[{"embeddable":true,"href":"https:\/\/www.studiogera.de\/001\/wp-json\/wp\/v2\/users\/3"}],"replies":[{"embeddable":true,"href":"https:\/\/www.studiogera.de\/001\/wp-json\/wp\/v2\/comments?post=20946"}],"version-history":[{"count":1,"href":"https:\/\/www.studiogera.de\/001\/wp-json\/wp\/v2\/posts\/20946\/revisions"}],"predecessor-version":[{"id":20947,"href":"https:\/\/www.studiogera.de\/001\/wp-json\/wp\/v2\/posts\/20946\/revisions\/20947"}],"wp:featuredmedia":[{"embeddable":true,"href":"https:\/\/www.studiogera.de\/001\/wp-json\/wp\/v2\/media\/9352"}],"wp:attachment":[{"href":"https:\/\/www.studiogera.de\/001\/wp-json\/wp\/v2\/media?parent=20946"}],"wp:term":[{"taxonomy":"category","embeddable":true,"href":"https:\/\/www.studiogera.de\/001\/wp-json\/wp\/v2\/categories?post=20946"},{"taxonomy":"post_tag","embeddable":true,"href":"https:\/\/www.studiogera.de\/001\/wp-json\/wp\/v2\/tags?post=20946"}],"curies":[{"name":"wp","href":"https:\/\/api.w.org\/{rel}","templated":true}]}}