{"id":21027,"date":"2022-10-15T10:14:32","date_gmt":"2022-10-15T08:14:32","guid":{"rendered":"http:\/\/www.studiogera.de\/001\/?p=21027"},"modified":"2022-10-15T10:14:35","modified_gmt":"2022-10-15T08:14:35","slug":"eskalierter-streit-in-der-gagarinstrasse","status":"publish","type":"post","link":"https:\/\/www.studiogera.de\/001\/2022\/10\/15\/eskalierter-streit-in-der-gagarinstrasse\/","title":{"rendered":"ESKALIERTER STREIT IN DER GAGARINSTRASSE"},"content":{"rendered":"\n<p>Lautes Geschrei und ein offenbar eskalierter Streit riefen am 13. Oktober gegen 19.10 Uhr mehrere Streifenwagen der Polizei in der Gagarinstra\u00dfe auf den Plan. Vor Ort stellte sich heraus, dass ein 21-j\u00e4hriger Mann zwei weitere M\u00e4nner, 22 bzw. 46 Jahre alt angriff und schlug. Um den beiden Gesch\u00e4digten zu helfen, warf ein 32-j\u00e4hriger Anwohner eine Flasche auf den Tatverd\u00e4chtigen, traf diesen jedoch nicht. Die Polizeibeamten konnten die Situation beruhigen. Ein entsprechendes Ermittlungsverfahren wurde eingeleitet.<\/p>\n","protected":false},"excerpt":{"rendered":"<div class=\"mh-excerpt\"><p>Lautes Geschrei und ein offenbar eskalierter Streit riefen am 13. Oktober gegen 19.10 Uhr mehrere Streifenwagen der Polizei in der Gagarinstra\u00dfe auf den Plan. Vor Ort stellte sich heraus, dass ein 21-j\u00e4hriger Mann zwei weitere <a class=\"mh-excerpt-more\" href=\"https:\/\/www.studiogera.de\/001\/2022\/10\/15\/eskalierter-streit-in-der-gagarinstrasse\/\" title=\"ESKALIERTER STREIT IN DER GAGARINSTRASSE\">[&#8230;]<\/a><\/p>\n<\/div>","protected":false},"author":3,"featured_media":9356,"comment_status":"open","ping_status":"open","sticky":false,"template":"","format":"standard","meta":{"footnotes":""},"categories":[13],"tags":[],"class_list":{"0":"post-21027","1":"post","2":"type-post","3":"status-publish","4":"format-standard","5":"has-post-thumbnail","7":"category-polizeiberichte"},"_links":{"self":[{"href":"https:\/\/www.studiogera.de\/001\/wp-json\/wp\/v2\/posts\/21027","targetHints":{"allow":["GET"]}}],"collection":[{"href":"https:\/\/www.studiogera.de\/001\/wp-json\/wp\/v2\/posts"}],"about":[{"href":"https:\/\/www.studiogera.de\/001\/wp-json\/wp\/v2\/types\/post"}],"author":[{"embeddable":true,"href":"https:\/\/www.studiogera.de\/001\/wp-json\/wp\/v2\/users\/3"}],"replies":[{"embeddable":true,"href":"https:\/\/www.studiogera.de\/001\/wp-json\/wp\/v2\/comments?post=21027"}],"version-history":[{"count":1,"href":"https:\/\/www.studiogera.de\/001\/wp-json\/wp\/v2\/posts\/21027\/revisions"}],"predecessor-version":[{"id":21028,"href":"https:\/\/www.studiogera.de\/001\/wp-json\/wp\/v2\/posts\/21027\/revisions\/21028"}],"wp:featuredmedia":[{"embeddable":true,"href":"https:\/\/www.studiogera.de\/001\/wp-json\/wp\/v2\/media\/9356"}],"wp:attachment":[{"href":"https:\/\/www.studiogera.de\/001\/wp-json\/wp\/v2\/media?parent=21027"}],"wp:term":[{"taxonomy":"category","embeddable":true,"href":"https:\/\/www.studiogera.de\/001\/wp-json\/wp\/v2\/categories?post=21027"},{"taxonomy":"post_tag","embeddable":true,"href":"https:\/\/www.studiogera.de\/001\/wp-json\/wp\/v2\/tags?post=21027"}],"curies":[{"name":"wp","href":"https:\/\/api.w.org\/{rel}","templated":true}]}}