{"id":21277,"date":"2022-10-31T09:27:57","date_gmt":"2022-10-31T08:27:57","guid":{"rendered":"http:\/\/www.studiogera.de\/001\/?p=21277"},"modified":"2022-10-31T09:27:58","modified_gmt":"2022-10-31T08:27:58","slug":"auffahrunfall-auf-der-eselsbruecke","status":"publish","type":"post","link":"https:\/\/www.studiogera.de\/001\/2022\/10\/31\/auffahrunfall-auf-der-eselsbruecke\/","title":{"rendered":"AUFFAHRUNFALL AUF DER ESELSBR\u00dcCKE"},"content":{"rendered":"\n<p>Am Freitag, den 28. Oktober 2022, ereignete sich gegen 13.45 Uhr in der Theaterstra\u00dfe im Bereich der Eselsbr\u00fccke ein Auffahrunfall zwischen insgesamt drei PKW. Nach bisherigem Ermittlungsstand mussten stadtausw\u00e4rts fahrend ein 31-J\u00e4hriger mit seinem PKW BMW und ein 19-j\u00e4hriger Toyota-Fahrer verkehrsbedingt halten. Der dahinter befindliche 58-j\u00e4hrige Fahrer eines PKW Ford bemerkte dies zu sp\u00e4t und fuhr auf. Dabei wurde der Toyota auf den BMW geschoben. Insgesamt zwei Insassen dieser Fahrzeuge wurden leicht verletzt in ein Krankenhaus eingeliefert. Alle beteiligten Fahrzeuge wurden besch\u00e4digt, blieben jedoch fahrbereit. W\u00e4hrend der Unfallaufnahme kam es bis 15 Uhr zu Verkehrsbeeintr\u00e4chtigungen.<\/p>\n","protected":false},"excerpt":{"rendered":"<div class=\"mh-excerpt\"><p>Am Freitag, den 28. Oktober 2022, ereignete sich gegen 13.45 Uhr in der Theaterstra\u00dfe im Bereich der Eselsbr\u00fccke ein Auffahrunfall zwischen insgesamt drei PKW. Nach bisherigem Ermittlungsstand mussten stadtausw\u00e4rts fahrend ein 31-J\u00e4hriger mit seinem PKW <a class=\"mh-excerpt-more\" href=\"https:\/\/www.studiogera.de\/001\/2022\/10\/31\/auffahrunfall-auf-der-eselsbruecke\/\" title=\"AUFFAHRUNFALL AUF DER ESELSBR\u00dcCKE\">[&#8230;]<\/a><\/p>\n<\/div>","protected":false},"author":3,"featured_media":9353,"comment_status":"open","ping_status":"open","sticky":false,"template":"","format":"standard","meta":{"footnotes":""},"categories":[13],"tags":[],"class_list":{"0":"post-21277","1":"post","2":"type-post","3":"status-publish","4":"format-standard","5":"has-post-thumbnail","7":"category-polizeiberichte"},"_links":{"self":[{"href":"https:\/\/www.studiogera.de\/001\/wp-json\/wp\/v2\/posts\/21277","targetHints":{"allow":["GET"]}}],"collection":[{"href":"https:\/\/www.studiogera.de\/001\/wp-json\/wp\/v2\/posts"}],"about":[{"href":"https:\/\/www.studiogera.de\/001\/wp-json\/wp\/v2\/types\/post"}],"author":[{"embeddable":true,"href":"https:\/\/www.studiogera.de\/001\/wp-json\/wp\/v2\/users\/3"}],"replies":[{"embeddable":true,"href":"https:\/\/www.studiogera.de\/001\/wp-json\/wp\/v2\/comments?post=21277"}],"version-history":[{"count":1,"href":"https:\/\/www.studiogera.de\/001\/wp-json\/wp\/v2\/posts\/21277\/revisions"}],"predecessor-version":[{"id":21278,"href":"https:\/\/www.studiogera.de\/001\/wp-json\/wp\/v2\/posts\/21277\/revisions\/21278"}],"wp:featuredmedia":[{"embeddable":true,"href":"https:\/\/www.studiogera.de\/001\/wp-json\/wp\/v2\/media\/9353"}],"wp:attachment":[{"href":"https:\/\/www.studiogera.de\/001\/wp-json\/wp\/v2\/media?parent=21277"}],"wp:term":[{"taxonomy":"category","embeddable":true,"href":"https:\/\/www.studiogera.de\/001\/wp-json\/wp\/v2\/categories?post=21277"},{"taxonomy":"post_tag","embeddable":true,"href":"https:\/\/www.studiogera.de\/001\/wp-json\/wp\/v2\/tags?post=21277"}],"curies":[{"name":"wp","href":"https:\/\/api.w.org\/{rel}","templated":true}]}}