{"id":21561,"date":"2022-11-15T20:48:02","date_gmt":"2022-11-15T19:48:02","guid":{"rendered":"http:\/\/www.studiogera.de\/001\/?p=21561"},"modified":"2022-11-15T20:48:04","modified_gmt":"2022-11-15T19:48:04","slug":"mehrere-angemeldete-und-nichtangemeldete-versammlungen","status":"publish","type":"post","link":"https:\/\/www.studiogera.de\/001\/2022\/11\/15\/mehrere-angemeldete-und-nichtangemeldete-versammlungen\/","title":{"rendered":"MEHRERE ANGEMELDETE UND NICHTANGEMELDETE VERSAMMLUNGEN"},"content":{"rendered":"\n<p>Am Montag, den 14. November 2022, befand sich die Landespolizeiinspektion Gera mit eigenen und unterst\u00fctzenden Einsatzkr\u00e4ften aus Th\u00fcringen ab 18 Uhr in Gera, Altenburg, Schm\u00f6lln und Zeulenroda im Einsatz. Anlass waren zwei angemeldete Versammlungen in Gera und Altenburg, sowie zwei nicht angemeldete in Schm\u00f6lln und Zeulenroda, die polizeiliche begleitet und abgesichert wurden. Insgesamt versammelten sich in der Zeit von 18 Uhr bis 20.30 Uhr 3745 Personen, wobei thematisch gegen hohe Lebenshaltungskosten, Energiepreise, die Einrichtungsbezogene Impfflicht sowie gegen die Politik der Ampelregierung demonstriert wurde. In Gera formierten sich 1500 Versammlungsteilnehmer ab 18.50 Uhr auf dem Hofwiesenparkplatz zu einem Aufzug. Dieser bewegte sich sodann durch das Stadtzentrum und l\u00f6ste sich bei Erreichen des Theatervorplatzes gegen 20.30 Uhr auf. Die 1750 Teilnehmer in Altenburg, 95 in Schm\u00f6lln und 400 in Zeulenroda formierten sich ebenfalls zu Aufz\u00fcgen und liefen durch die Innenstadtbereiche. In der Gesamtschau verliefen alle Versammlungen, bis auf einen Widerstand gegen Polizeivollzugsbeamte, st\u00f6rungsfrei. Insbesondere w\u00e4hrend der Absicherung der Aufz\u00fcge kam es punktuell kurzzeitig zu Verkehrssperrungen und entsprechenden Einschr\u00e4nkungen. Diese wurden seitens der eingesetzten Polizeikr\u00e4fte auf ein unvermeidbares Ma\u00df reduziert.\u00a0<\/p>\n","protected":false},"excerpt":{"rendered":"<div class=\"mh-excerpt\"><p>Am Montag, den 14. November 2022, befand sich die Landespolizeiinspektion Gera mit eigenen und unterst\u00fctzenden Einsatzkr\u00e4ften aus Th\u00fcringen ab 18 Uhr in Gera, Altenburg, Schm\u00f6lln und Zeulenroda im Einsatz. Anlass waren zwei angemeldete Versammlungen in <a class=\"mh-excerpt-more\" href=\"https:\/\/www.studiogera.de\/001\/2022\/11\/15\/mehrere-angemeldete-und-nichtangemeldete-versammlungen\/\" title=\"MEHRERE ANGEMELDETE UND NICHTANGEMELDETE VERSAMMLUNGEN\">[&#8230;]<\/a><\/p>\n<\/div>","protected":false},"author":2,"featured_media":18112,"comment_status":"open","ping_status":"open","sticky":false,"template":"","format":"standard","meta":{"footnotes":""},"categories":[13],"tags":[],"class_list":{"0":"post-21561","1":"post","2":"type-post","3":"status-publish","4":"format-standard","5":"has-post-thumbnail","7":"category-polizeiberichte"},"_links":{"self":[{"href":"https:\/\/www.studiogera.de\/001\/wp-json\/wp\/v2\/posts\/21561","targetHints":{"allow":["GET"]}}],"collection":[{"href":"https:\/\/www.studiogera.de\/001\/wp-json\/wp\/v2\/posts"}],"about":[{"href":"https:\/\/www.studiogera.de\/001\/wp-json\/wp\/v2\/types\/post"}],"author":[{"embeddable":true,"href":"https:\/\/www.studiogera.de\/001\/wp-json\/wp\/v2\/users\/2"}],"replies":[{"embeddable":true,"href":"https:\/\/www.studiogera.de\/001\/wp-json\/wp\/v2\/comments?post=21561"}],"version-history":[{"count":1,"href":"https:\/\/www.studiogera.de\/001\/wp-json\/wp\/v2\/posts\/21561\/revisions"}],"predecessor-version":[{"id":21562,"href":"https:\/\/www.studiogera.de\/001\/wp-json\/wp\/v2\/posts\/21561\/revisions\/21562"}],"wp:featuredmedia":[{"embeddable":true,"href":"https:\/\/www.studiogera.de\/001\/wp-json\/wp\/v2\/media\/18112"}],"wp:attachment":[{"href":"https:\/\/www.studiogera.de\/001\/wp-json\/wp\/v2\/media?parent=21561"}],"wp:term":[{"taxonomy":"category","embeddable":true,"href":"https:\/\/www.studiogera.de\/001\/wp-json\/wp\/v2\/categories?post=21561"},{"taxonomy":"post_tag","embeddable":true,"href":"https:\/\/www.studiogera.de\/001\/wp-json\/wp\/v2\/tags?post=21561"}],"curies":[{"name":"wp","href":"https:\/\/api.w.org\/{rel}","templated":true}]}}