{"id":21686,"date":"2022-11-24T07:23:53","date_gmt":"2022-11-24T06:23:53","guid":{"rendered":"http:\/\/www.studiogera.de\/001\/?p=21686"},"modified":"2022-11-24T07:23:56","modified_gmt":"2022-11-24T06:23:56","slug":"projekt-und-kompetenztage-in-der-geraer-bibliothek","status":"publish","type":"post","link":"https:\/\/www.studiogera.de\/001\/2022\/11\/24\/projekt-und-kompetenztage-in-der-geraer-bibliothek\/","title":{"rendered":"PROJEKT- UND KOMPETENZTAGE IN DER GERAER BIBLIOTHEK"},"content":{"rendered":"\n<p><em>Die Stadt- und Regionalbibliothek bietet Schulen medienp\u00e4dagogische Unterst\u00fctzung zur Nutzung digitaler Technik beim themenbezogenen Arbeiten an.<\/em><\/p>\n\n\n\n<p>Laptop, Smartphone, Tablet und Co sind mediale Ger\u00e4te, welche aus der Lebenswelt der Jugendlichen heutzutage nicht mehr wegzudenken sind. Die digitalen Medien nehmen schlie\u00dflich nicht nur im Privaten und Allt\u00e4glichen Einfluss auf ihr Leben, sondern gewinnen auch im schulischen Kontext immer mehr an Bedeutung. Sie helfen den Sch\u00fclern einerseits beim Lernen, Recherchieren und Kommunizieren von Lerninhalten und bieten andererseits einen gro\u00dfen Facettenreichtum zum Ausprobieren, Mitmachen und Selbsterzeugen. Genau hier m\u00f6chte die Stadt- und Regionalbibliothek Gera zuk\u00fcnftig mit ihren Projekt- und Kompetenztagen ab Klassenstufe 7 ansetzen.<\/p>\n\n\n\n<p>Mithilfe fachlicher Unterst\u00fctzung durch Mitarbeiter:innen aus dem Bereich Jugendbibliothek und einer Medienp\u00e4dagogin sollen schulisch relevante Themen neu gedacht werden. Welche Themen dies sein k\u00f6nnten, wird dabei mit den jeweiligen Fachlehrer abgestimmt. So sind zum Beispiel naturwissenschaftliche, geschichtliche oder auch geografische Bez\u00fcge denkbar. Der Bereich GeraTHek bietet au\u00dferdem die M\u00f6glichkeit regionale Themen zu bearbeiten und unterst\u00fctzt damit die Vermittlung von Kenntnissen \u00fcber Gera und Umgebung. Auf eine kurze inhaltliche Einf\u00fchrung folgt die Recherche nach passenden Printmedien vor Ort. Im Anschluss sind die kreativen Ideen der Jugendlichen gefragt. Egal ob Comic, Wissensquiz, Erkl\u00e4r- oder Videofilm, Scrollytelling-Seite oder Audiodatei, H\u00f6rspiel, Podcast &#8211; den digitalen M\u00f6glichkeiten zur Erstellung eines thematischen Endproduktes sind fast keine Grenzen gesetzt.<\/p>\n\n\n\n<p>Aktuelle Themen wie Datenschutz, Cybermobbing, Social Media, Influencer, Fake News und Big Data sind weitere inhaltliche Schwerpunkte die k\u00fcnftig durch Medienp\u00e4dagogin Sarah Eissmann f\u00fcr die Altersklasse ab zw\u00f6lf Jahren in Form von Projekt- und Kompetenztagen angeboten werden. Die Stadt- und Regionalbibliothek setzt damit ihre seit Jahren erfolgreiche Zusammenarbeit mit Schulen im Bereich der Medienbildung\/Mediennutzung fort. Derzeit gibt es Kooperationsvereinbarungen mit elf Grundschulen und neun weiterf\u00fchrenden Schulen.<\/p>\n\n\n\n<p>R\u00fcckfragen oder Terminvereinbarung sind telefonisch unter der Rufnummer 0365 8383365 oder \u00fcber\u00a0&#8222;<a href=\"mailto:eissmann.sarah@gera.de\">eissmann.sarah@gera.de<\/a>&#8220; m\u00f6glich.<\/p>\n\n\n\n<p>QUELLE: STADTVERWALTUNG<\/p>\n","protected":false},"excerpt":{"rendered":"<div class=\"mh-excerpt\"><p>Die Stadt- und Regionalbibliothek bietet Schulen medienp\u00e4dagogische Unterst\u00fctzung zur Nutzung digitaler Technik beim themenbezogenen Arbeiten an. Laptop, Smartphone, Tablet und Co sind mediale Ger\u00e4te, welche aus der Lebenswelt der Jugendlichen heutzutage nicht mehr wegzudenken sind. <a class=\"mh-excerpt-more\" href=\"https:\/\/www.studiogera.de\/001\/2022\/11\/24\/projekt-und-kompetenztage-in-der-geraer-bibliothek\/\" title=\"PROJEKT- UND KOMPETENZTAGE IN DER GERAER BIBLIOTHEK\">[&#8230;]<\/a><\/p>\n<\/div>","protected":false},"author":3,"featured_media":21687,"comment_status":"open","ping_status":"open","sticky":false,"template":"","format":"standard","meta":{"footnotes":""},"categories":[17],"tags":[],"class_list":{"0":"post-21686","1":"post","2":"type-post","3":"status-publish","4":"format-standard","5":"has-post-thumbnail","7":"category-medien"},"_links":{"self":[{"href":"https:\/\/www.studiogera.de\/001\/wp-json\/wp\/v2\/posts\/21686","targetHints":{"allow":["GET"]}}],"collection":[{"href":"https:\/\/www.studiogera.de\/001\/wp-json\/wp\/v2\/posts"}],"about":[{"href":"https:\/\/www.studiogera.de\/001\/wp-json\/wp\/v2\/types\/post"}],"author":[{"embeddable":true,"href":"https:\/\/www.studiogera.de\/001\/wp-json\/wp\/v2\/users\/3"}],"replies":[{"embeddable":true,"href":"https:\/\/www.studiogera.de\/001\/wp-json\/wp\/v2\/comments?post=21686"}],"version-history":[{"count":1,"href":"https:\/\/www.studiogera.de\/001\/wp-json\/wp\/v2\/posts\/21686\/revisions"}],"predecessor-version":[{"id":21688,"href":"https:\/\/www.studiogera.de\/001\/wp-json\/wp\/v2\/posts\/21686\/revisions\/21688"}],"wp:featuredmedia":[{"embeddable":true,"href":"https:\/\/www.studiogera.de\/001\/wp-json\/wp\/v2\/media\/21687"}],"wp:attachment":[{"href":"https:\/\/www.studiogera.de\/001\/wp-json\/wp\/v2\/media?parent=21686"}],"wp:term":[{"taxonomy":"category","embeddable":true,"href":"https:\/\/www.studiogera.de\/001\/wp-json\/wp\/v2\/categories?post=21686"},{"taxonomy":"post_tag","embeddable":true,"href":"https:\/\/www.studiogera.de\/001\/wp-json\/wp\/v2\/tags?post=21686"}],"curies":[{"name":"wp","href":"https:\/\/api.w.org\/{rel}","templated":true}]}}