{"id":22254,"date":"2022-12-31T23:03:38","date_gmt":"2022-12-31T22:03:38","guid":{"rendered":"http:\/\/www.studiogera.de\/001\/?p=22254"},"modified":"2022-12-31T23:03:39","modified_gmt":"2022-12-31T22:03:39","slug":"vom-buergergeld-zum-staatlichen-grundeinkommen","status":"publish","type":"post","link":"https:\/\/www.studiogera.de\/001\/2022\/12\/31\/vom-buergergeld-zum-staatlichen-grundeinkommen\/","title":{"rendered":"VOM B\u00dcRGERGELD ZUM STAATLICHEN GRUNDEINKOMMEN"},"content":{"rendered":"\n<p>Das im Jahre 2005 eingef\u00fchrte Arbeitslosengeld II wird ab Januar 2023 durch das B\u00fcrgergeld ersetzt. Ein entsprechender Gesetzesentwurf der Regierungskoalition wurde zur Bundestagsabstimmung am 10. November 2022 mehrheitlich angenommen.<\/p>\n\n\n\n<p><a href=\"https:\/\/www.bundestag.de\/dokumente\/textarchiv\/2022\/kw45-de-buergergeld-917430\">https:\/\/www.bundestag.de\/dokumente\/textarchiv\/2022\/kw45-de-buergergeld-917430<\/a><\/p>\n\n\n\n<p>Beobachter betrachten das B\u00fcrgergeld als einen Zwischenschritt auf dem Weg zum staatlichen Grundeinkommen. Denn es zeichnet sich eine problematische Entwicklung ab: Durch die zunehmende Digitalisierung werden immer mehr Arbeitspl\u00e4tze wegfallen. Zwar entstehen auch neue, jedoch auf einer h\u00f6heren Anforderungsstufe, welche die Mehrheit nicht mehr erreicht. Ein wichtiges Motiv f\u00fcr den Einsatz und die Weiterentwicklung von Technik ist die Reduzierung von Lohnkosten. Wird dieser Prozess weiter vorangetrieben, sinkt folglich die Kaufkraft in der breiten Masse immer weiter, was eine Verkleinerung der gesellschaftlichen Mittelschicht und zunehmenden Frust zur Folge hat.<\/p>\n\n\n\n<p>F\u00fcr die Zukunft ergeben sich allerdings weitreichende Lenkungsm\u00f6glichkeiten: Bei Anwendung der digitalen W\u00e4hrung k\u00f6nnte das gew\u00e4hrte Guthaben anteilig mit unterschiedlichen Verwendungszwecken belegt werden. So w\u00e4re die \u00fcberwiesene Gesamtsumme quasi mit einer Sammlung von Guthabenkarten vergleichbar. Werden gleichzeitig die Abgaben an den CO\u2082-Aussto\u00df gekoppelt, ist man zur Selbstreduzierung gezwungen.<\/p>\n\n\n\n<p>Finanziert werden kann ein solches Grundeinkommen letztendlich nur \u00fcber Umverteilungen zu Lasten der gesellschaftlichen Mitte. Unter dem Stichwort \u201eGerechtigkeit\u201c wird diese Mitte \u2014 im Ansatz ist das bereits erkennbar \u2014 den sich mehrenden \u00e4rmeren Menschen gegen\u00fcbergestellt, wodurch es irgendwann als verwerflich erscheint, so viel Besitz zu haben, wie es heute bei durchschnittlichen B\u00fcrgern \u00fcblich ist.<\/p>\n\n\n\n<p><a href=\"https:\/\/17ziele.de\/blog\/detail\/17-projektionen.html\">https:\/\/17ziele.de\/blog\/detail\/17-projektionen.html<\/a><\/p>\n\n\n\n<p>\u201eReich ist, wer noch genug zum Teilen hat\u201c, lautet eine Botschaft, welche auf die 17 Ziele f\u00fcr eine nachhaltige Entwicklung aufmerksam macht. Sie hat m\u00f6glicherweis eine weitreichendere Bedeutung als es auf dem ersten Blick scheint. Werte wie Grundst\u00fccke und Immobilien werden derzeit erfasst und k\u00f6nnten, belegt mit immer h\u00f6heren Steuern und kaum mehr zu erf\u00fcllenden Umweltauflagen, den Weg in den Umverteilungsmechanismus finden.<\/p>\n","protected":false},"excerpt":{"rendered":"<div class=\"mh-excerpt\"><p>Das im Jahre 2005 eingef\u00fchrte Arbeitslosengeld II wird ab Januar 2023 durch das B\u00fcrgergeld ersetzt. Ein entsprechender Gesetzesentwurf der Regierungskoalition wurde zur Bundestagsabstimmung am 10. November 2022 mehrheitlich angenommen. https:\/\/www.bundestag.de\/dokumente\/textarchiv\/2022\/kw45-de-buergergeld-917430 Beobachter betrachten das B\u00fcrgergeld als <a class=\"mh-excerpt-more\" href=\"https:\/\/www.studiogera.de\/001\/2022\/12\/31\/vom-buergergeld-zum-staatlichen-grundeinkommen\/\" title=\"VOM B\u00dcRGERGELD ZUM STAATLICHEN GRUNDEINKOMMEN\">[&#8230;]<\/a><\/p>\n<\/div>","protected":false},"author":2,"featured_media":22255,"comment_status":"open","ping_status":"open","sticky":false,"template":"","format":"standard","meta":{"footnotes":""},"categories":[6],"tags":[],"class_list":{"0":"post-22254","1":"post","2":"type-post","3":"status-publish","4":"format-standard","5":"has-post-thumbnail","7":"category-gesellschaft"},"_links":{"self":[{"href":"https:\/\/www.studiogera.de\/001\/wp-json\/wp\/v2\/posts\/22254","targetHints":{"allow":["GET"]}}],"collection":[{"href":"https:\/\/www.studiogera.de\/001\/wp-json\/wp\/v2\/posts"}],"about":[{"href":"https:\/\/www.studiogera.de\/001\/wp-json\/wp\/v2\/types\/post"}],"author":[{"embeddable":true,"href":"https:\/\/www.studiogera.de\/001\/wp-json\/wp\/v2\/users\/2"}],"replies":[{"embeddable":true,"href":"https:\/\/www.studiogera.de\/001\/wp-json\/wp\/v2\/comments?post=22254"}],"version-history":[{"count":1,"href":"https:\/\/www.studiogera.de\/001\/wp-json\/wp\/v2\/posts\/22254\/revisions"}],"predecessor-version":[{"id":22256,"href":"https:\/\/www.studiogera.de\/001\/wp-json\/wp\/v2\/posts\/22254\/revisions\/22256"}],"wp:featuredmedia":[{"embeddable":true,"href":"https:\/\/www.studiogera.de\/001\/wp-json\/wp\/v2\/media\/22255"}],"wp:attachment":[{"href":"https:\/\/www.studiogera.de\/001\/wp-json\/wp\/v2\/media?parent=22254"}],"wp:term":[{"taxonomy":"category","embeddable":true,"href":"https:\/\/www.studiogera.de\/001\/wp-json\/wp\/v2\/categories?post=22254"},{"taxonomy":"post_tag","embeddable":true,"href":"https:\/\/www.studiogera.de\/001\/wp-json\/wp\/v2\/tags?post=22254"}],"curies":[{"name":"wp","href":"https:\/\/api.w.org\/{rel}","templated":true}]}}