{"id":22324,"date":"2023-01-04T21:59:42","date_gmt":"2023-01-04T20:59:42","guid":{"rendered":"http:\/\/www.studiogera.de\/001\/?p=22324"},"modified":"2023-01-04T22:02:42","modified_gmt":"2023-01-04T21:02:42","slug":"iwf-rechnet-mit-schwierigem-jahr-fuer-die-wirtschaft","status":"publish","type":"post","link":"https:\/\/www.studiogera.de\/001\/2023\/01\/04\/iwf-rechnet-mit-schwierigem-jahr-fuer-die-wirtschaft\/","title":{"rendered":"IWF RECHNET MIT SCHWIERIGEM JAHR F\u00dcR DIE WIRTSCHAFT"},"content":{"rendered":"\n<p>Der IWF prognostiziert eine Abschw\u00e4chung des globalen Wirtschaftswachstum auf 2,7 % oder weniger, nachdem die Weltwirtschaft im Jahr 2021 um 6 % wachsen konnte, und 2022 um 3,2 %. Entsprechend \u00e4u\u00dferte sich die gesch\u00e4ftsf\u00fchrende Direktorin des Internationalen W\u00e4hrungsfonds, Kristalina Georgieva, gegen\u00fcber dem US-Sender CBS News.<\/p>\n\n\n\n<p><a href=\"https:\/\/www.cbsnews.com\/news\/kristalina-georgieva-face-the-nation-transcript-01-01-2023\/\">https:\/\/www.cbsnews.com\/news\/kristalina-georgieva-face-the-nation-transcript-01-01-2023\/<\/a><\/p>\n\n\n\n<p>F\u00fcr den gr\u00f6\u00dften Teil der Weltwirtschaft werde das Jahr 2023 schwieriger werden als das vergangene, da sich die drei gro\u00dfen Volkswirtschaften USA, EU und China gleichzeitig abschw\u00e4chten. Ungewissheiten und Krisen\u00fcberschneidungen w\u00fcrden zunehmen. Die Corona-Welle in China, welche die dortige Wirtschaft zus\u00e4tzlich schw\u00e4cht, k\u00f6nnte noch drei bis sechs Monate andauern.<\/p>\n\n\n\n<p>Aufgrund der hohen Energie- und Lebensmittelpreise werde sich auch die H\u00e4lfte der EU-L\u00e4nder in einer Rezession befinden. F\u00fcr Deutschland prognostiziert der IWF einen leichten R\u00fcckgang des Bruttoinlandprodukt um 0,3 %. Eine verheerende Entwicklung erwartet der IWF in den Schwellenl\u00e4ndern, da diese zus\u00e4tzlich von den h\u00f6heren Zinsen und der Aufwertung des US-Dollars betroffen sind.<\/p>\n","protected":false},"excerpt":{"rendered":"<div class=\"mh-excerpt\"><p>Der IWF prognostiziert eine Abschw\u00e4chung des globalen Wirtschaftswachstum auf 2,7 % oder weniger, nachdem die Weltwirtschaft im Jahr 2021 um 6 % wachsen konnte, und 2022 um 3,2 %. Entsprechend \u00e4u\u00dferte sich die gesch\u00e4ftsf\u00fchrende Direktorin <a class=\"mh-excerpt-more\" href=\"https:\/\/www.studiogera.de\/001\/2023\/01\/04\/iwf-rechnet-mit-schwierigem-jahr-fuer-die-wirtschaft\/\" title=\"IWF RECHNET MIT SCHWIERIGEM JAHR F\u00dcR DIE WIRTSCHAFT\">[&#8230;]<\/a><\/p>\n<\/div>","protected":false},"author":2,"featured_media":10642,"comment_status":"open","ping_status":"open","sticky":false,"template":"","format":"standard","meta":{"footnotes":""},"categories":[4],"tags":[],"class_list":{"0":"post-22324","1":"post","2":"type-post","3":"status-publish","4":"format-standard","5":"has-post-thumbnail","7":"category-wirtschaft"},"_links":{"self":[{"href":"https:\/\/www.studiogera.de\/001\/wp-json\/wp\/v2\/posts\/22324","targetHints":{"allow":["GET"]}}],"collection":[{"href":"https:\/\/www.studiogera.de\/001\/wp-json\/wp\/v2\/posts"}],"about":[{"href":"https:\/\/www.studiogera.de\/001\/wp-json\/wp\/v2\/types\/post"}],"author":[{"embeddable":true,"href":"https:\/\/www.studiogera.de\/001\/wp-json\/wp\/v2\/users\/2"}],"replies":[{"embeddable":true,"href":"https:\/\/www.studiogera.de\/001\/wp-json\/wp\/v2\/comments?post=22324"}],"version-history":[{"count":2,"href":"https:\/\/www.studiogera.de\/001\/wp-json\/wp\/v2\/posts\/22324\/revisions"}],"predecessor-version":[{"id":22326,"href":"https:\/\/www.studiogera.de\/001\/wp-json\/wp\/v2\/posts\/22324\/revisions\/22326"}],"wp:featuredmedia":[{"embeddable":true,"href":"https:\/\/www.studiogera.de\/001\/wp-json\/wp\/v2\/media\/10642"}],"wp:attachment":[{"href":"https:\/\/www.studiogera.de\/001\/wp-json\/wp\/v2\/media?parent=22324"}],"wp:term":[{"taxonomy":"category","embeddable":true,"href":"https:\/\/www.studiogera.de\/001\/wp-json\/wp\/v2\/categories?post=22324"},{"taxonomy":"post_tag","embeddable":true,"href":"https:\/\/www.studiogera.de\/001\/wp-json\/wp\/v2\/tags?post=22324"}],"curies":[{"name":"wp","href":"https:\/\/api.w.org\/{rel}","templated":true}]}}