{"id":22331,"date":"2023-01-05T12:44:51","date_gmt":"2023-01-05T11:44:51","guid":{"rendered":"http:\/\/www.studiogera.de\/001\/?p=22331"},"modified":"2023-01-05T12:44:52","modified_gmt":"2023-01-05T11:44:52","slug":"pilgern-auf-dem-camino-del-norte-und-camino-ingles","status":"publish","type":"post","link":"https:\/\/www.studiogera.de\/001\/2023\/01\/05\/pilgern-auf-dem-camino-del-norte-und-camino-ingles\/","title":{"rendered":"PILGERN AUF DEM \u201eCAMINO DEL NORTE\u201c UND \u201eCAMINO INGLES\u201c"},"content":{"rendered":"\n<p><em>Manfred Otto Taubert berichtet am 10. Januar 2023 in der Geraer Bibliothek \u00fcber seine Pilgerreise in Spanien. Der Eintritt ist unentgeltlich.<\/em><\/p>\n\n\n\n<p>Im September 2022 war Manfred Otto Taubert in Bilbao, ein paar Tage auf dem \u201eCamino del Norte\u201c und pilgerte danach auf dem \u201eCamino Ingles\u201c von Ferrol nach Santiago de Compostela. Der urspr\u00fcngliche Plan stammte aber aus dem Jahr 2020. Damals wollte er mit drei Freunden einen Teil des Camino del Norte gehen. Angedacht war damals, in Bilbao einzusteigen, sich dort ein bis zwei Tage aufzuhalten, um das Guggenheim-Museum zu besuchen, dann bis Gijon zu gehen, von Gijon bis Baamonde mit dem Zug fahren und den Rest bis Santiago de Compostela zu pilgern. Daf\u00fcr waren vier Wochen geplant. Der Plan musste wegen Corona aufgegeben werden und erst 2022 ergab sich, aufgrund der ver\u00e4nderten Corona-Lage, die Gelegenheit, den Weg doch noch zu realisieren. Leider war es 2022 dann so, dass zwei Freunde gesundheitlich nicht in der Lage waren, diesen Weg zu gehen und der dritte Freund aus famili\u00e4ren Gr\u00fcnden von der Tour Abstand nehmen musste. So kam es, dass sich Manfred Otto Taubert allein auf den Weg machte.<\/p>\n\n\n\n<p>Die Spanier dehnten das Heilige Jahr von 2021 auf das Jahr 2022 aus. Dadurch war ein wesentlich gr\u00f6\u00dferer Andrang auf dem klassischen Weg (Camino Frances) zu erwarten. Aus diesem Grund entschloss sich Manfred Otto Taubert, nur von Bilbao bis Gijon auf dem Camino del Norte zu laufen, danach mit dem Zug an die Westk\u00fcste zu fahren und von dort den Camino Ingl\u00e8s bis Santiago zu gehen. Dieser Camino ist weniger bekannt, f\u00fchrt durch einsame D\u00f6rfer und ruhige Landschaften. Es ist ein Weg abseits der Massenpilgerei und gibt daher viel Spielraum f\u00fcr die eigenen Gedanken. Eine direkte Zeitvorgabe gab es nicht; eingeplant waren aber etwa vier Wochen. Doch dann kam manches anders als gedacht. Dennoch war es ein Weg mit vielen interessanten Begegnungen und Erlebnissen.<\/p>\n\n\n\n<p>QUELLE: STADTVERWALTUNG\/MANFRED OTTO TAUBERT<\/p>\n","protected":false},"excerpt":{"rendered":"<div class=\"mh-excerpt\"><p>Manfred Otto Taubert berichtet am 10. Januar 2023 in der Geraer Bibliothek \u00fcber seine Pilgerreise in Spanien. Der Eintritt ist unentgeltlich. Im September 2022 war Manfred Otto Taubert in Bilbao, ein paar Tage auf dem <a class=\"mh-excerpt-more\" href=\"https:\/\/www.studiogera.de\/001\/2023\/01\/05\/pilgern-auf-dem-camino-del-norte-und-camino-ingles\/\" title=\"PILGERN AUF DEM \u201eCAMINO DEL NORTE\u201c UND \u201eCAMINO INGLES\u201c\">[&#8230;]<\/a><\/p>\n<\/div>","protected":false},"author":2,"featured_media":22332,"comment_status":"open","ping_status":"open","sticky":false,"template":"","format":"standard","meta":{"footnotes":""},"categories":[8],"tags":[],"class_list":{"0":"post-22331","1":"post","2":"type-post","3":"status-publish","4":"format-standard","5":"has-post-thumbnail","7":"category-kultur"},"_links":{"self":[{"href":"https:\/\/www.studiogera.de\/001\/wp-json\/wp\/v2\/posts\/22331","targetHints":{"allow":["GET"]}}],"collection":[{"href":"https:\/\/www.studiogera.de\/001\/wp-json\/wp\/v2\/posts"}],"about":[{"href":"https:\/\/www.studiogera.de\/001\/wp-json\/wp\/v2\/types\/post"}],"author":[{"embeddable":true,"href":"https:\/\/www.studiogera.de\/001\/wp-json\/wp\/v2\/users\/2"}],"replies":[{"embeddable":true,"href":"https:\/\/www.studiogera.de\/001\/wp-json\/wp\/v2\/comments?post=22331"}],"version-history":[{"count":1,"href":"https:\/\/www.studiogera.de\/001\/wp-json\/wp\/v2\/posts\/22331\/revisions"}],"predecessor-version":[{"id":22333,"href":"https:\/\/www.studiogera.de\/001\/wp-json\/wp\/v2\/posts\/22331\/revisions\/22333"}],"wp:featuredmedia":[{"embeddable":true,"href":"https:\/\/www.studiogera.de\/001\/wp-json\/wp\/v2\/media\/22332"}],"wp:attachment":[{"href":"https:\/\/www.studiogera.de\/001\/wp-json\/wp\/v2\/media?parent=22331"}],"wp:term":[{"taxonomy":"category","embeddable":true,"href":"https:\/\/www.studiogera.de\/001\/wp-json\/wp\/v2\/categories?post=22331"},{"taxonomy":"post_tag","embeddable":true,"href":"https:\/\/www.studiogera.de\/001\/wp-json\/wp\/v2\/tags?post=22331"}],"curies":[{"name":"wp","href":"https:\/\/api.w.org\/{rel}","templated":true}]}}