{"id":22386,"date":"2023-01-09T23:13:02","date_gmt":"2023-01-09T22:13:02","guid":{"rendered":"http:\/\/www.studiogera.de\/001\/?p=22386"},"modified":"2023-01-11T22:11:50","modified_gmt":"2023-01-11T21:11:50","slug":"frau-wird-in-den-bauch-geschlagen","status":"publish","type":"post","link":"https:\/\/www.studiogera.de\/001\/2023\/01\/09\/frau-wird-in-den-bauch-geschlagen\/","title":{"rendered":"FRAU WIRD IN DEN BAUCH GESCHLAGEN"},"content":{"rendered":"\n<p>Als eine 20 Jahre alte Frau zwei M\u00e4nnern im Alter von 34 bzw. 36 Jahren den Zugang zu einem Mehrfamilienhaus in der Richard-Wagner-Stra\u00dfe am 6. Januar 2023 gegen 17.35 Uhr verweigert hatte, schlugen diese ihr in den Bauch. Anschlie\u00dfend drohten ihr beide T\u00e4ter und beleidigten sie. Eine \u00e4rztliche Behandlung der Gesch\u00e4digten war nicht notwendig. Gegen den 34- und 36-J\u00e4hrigen leitetet die Geraer Polizei ein Strafverfahren ein.&nbsp;<\/p>\n","protected":false},"excerpt":{"rendered":"<div class=\"mh-excerpt\"><p>Als eine 20 Jahre alte Frau zwei M\u00e4nnern im Alter von 34 bzw. 36 Jahren den Zugang zu einem Mehrfamilienhaus in der Richard-Wagner-Stra\u00dfe am 6. Januar 2023 gegen 17.35 Uhr verweigert hatte, schlugen diese ihr <a class=\"mh-excerpt-more\" href=\"https:\/\/www.studiogera.de\/001\/2023\/01\/09\/frau-wird-in-den-bauch-geschlagen\/\" title=\"FRAU WIRD IN DEN BAUCH GESCHLAGEN\">[&#8230;]<\/a><\/p>\n<\/div>","protected":false},"author":2,"featured_media":9353,"comment_status":"open","ping_status":"open","sticky":false,"template":"","format":"standard","meta":{"footnotes":""},"categories":[13],"tags":[],"class_list":{"0":"post-22386","1":"post","2":"type-post","3":"status-publish","4":"format-standard","5":"has-post-thumbnail","7":"category-polizeiberichte"},"_links":{"self":[{"href":"https:\/\/www.studiogera.de\/001\/wp-json\/wp\/v2\/posts\/22386","targetHints":{"allow":["GET"]}}],"collection":[{"href":"https:\/\/www.studiogera.de\/001\/wp-json\/wp\/v2\/posts"}],"about":[{"href":"https:\/\/www.studiogera.de\/001\/wp-json\/wp\/v2\/types\/post"}],"author":[{"embeddable":true,"href":"https:\/\/www.studiogera.de\/001\/wp-json\/wp\/v2\/users\/2"}],"replies":[{"embeddable":true,"href":"https:\/\/www.studiogera.de\/001\/wp-json\/wp\/v2\/comments?post=22386"}],"version-history":[{"count":2,"href":"https:\/\/www.studiogera.de\/001\/wp-json\/wp\/v2\/posts\/22386\/revisions"}],"predecessor-version":[{"id":22449,"href":"https:\/\/www.studiogera.de\/001\/wp-json\/wp\/v2\/posts\/22386\/revisions\/22449"}],"wp:featuredmedia":[{"embeddable":true,"href":"https:\/\/www.studiogera.de\/001\/wp-json\/wp\/v2\/media\/9353"}],"wp:attachment":[{"href":"https:\/\/www.studiogera.de\/001\/wp-json\/wp\/v2\/media?parent=22386"}],"wp:term":[{"taxonomy":"category","embeddable":true,"href":"https:\/\/www.studiogera.de\/001\/wp-json\/wp\/v2\/categories?post=22386"},{"taxonomy":"post_tag","embeddable":true,"href":"https:\/\/www.studiogera.de\/001\/wp-json\/wp\/v2\/tags?post=22386"}],"curies":[{"name":"wp","href":"https:\/\/api.w.org\/{rel}","templated":true}]}}