{"id":22584,"date":"2023-01-17T16:39:55","date_gmt":"2023-01-17T15:39:55","guid":{"rendered":"http:\/\/www.studiogera.de\/001\/?p=22584"},"modified":"2023-01-17T16:39:57","modified_gmt":"2023-01-17T15:39:57","slug":"sitzungen-am-17-januar-2023","status":"publish","type":"post","link":"https:\/\/www.studiogera.de\/001\/2023\/01\/17\/sitzungen-am-17-januar-2023\/","title":{"rendered":"SITZUNGEN AM 17. JANUAR 2023"},"content":{"rendered":"\n<p>Die Sitzung des Stadtratsausschusses f\u00fcr Bau, Umwelt, Verkehr und Liegenschaften beginnt um 17 Uhr und findet im Sitzungssaal des Rathauses statt. Auf der Tagesordnung des \u00f6ffentlichen Teiles stehen die nachfolgenden Punkte.<\/p>\n\n\n\n<ul class=\"wp-block-list\">\n<li>TOP 1: Best\u00e4tungung der Niederschrift vom 29. November 2022 (\u00f6ffentlicher Teil)<\/li>\n\n\n\n<li>TOP 2: unbesetzt<\/li>\n\n\n\n<li>TOP 3: unbesetzt<\/li>\n\n\n\n<li>TOP 4: Neuvergabe einer Dienstleistungskonzession f\u00fcr Au\u00dfenwerberechte im \u00f6ffentlichen Bereich der Stadt Gera<\/li>\n\n\n\n<li>TOP 5: Verweisungen aus dem Hauptausschuss<\/li>\n\n\n\n<li>TOP 5.1: Wirtschaftspl\u00e4ne 2023 von Unternehmen als Pflichtanlagen zum Haushaltsplan 2023 der Stadt Gera; hier: Wirksamkeit der Gesellschafterbeschl\u00fcsse<\/li>\n\n\n\n<li>TOP 5.2: Haushaltsplan der Stadt Gera<\/li>\n\n\n\n<li>TOP 6: GEK Westvororte Gera (Gemeindliches Entwicklungskonzept Windischenbernsdorf, Scheubengrobsdorf, Frankenthal)<\/li>\n\n\n\n<li>TOP 7: sonstiges<\/li>\n<\/ul>\n\n\n\n<p>Der Ortsteilrat Hain tagt ab 18.30 Uhr im Versammlungsraum des Gemeindehauses Hain 30. Die Sitzung des Ortsteilrates Naulitz beginnt um 19.30 Uhr. Sie findet statt im B\u00fcro des Ortsteilrates in der Kulturscheune Naulitz 7.<\/p>\n","protected":false},"excerpt":{"rendered":"<div class=\"mh-excerpt\"><p>Die Sitzung des Stadtratsausschusses f\u00fcr Bau, Umwelt, Verkehr und Liegenschaften beginnt um 17 Uhr und findet im Sitzungssaal des Rathauses statt. Auf der Tagesordnung des \u00f6ffentlichen Teiles stehen die nachfolgenden Punkte. Der Ortsteilrat Hain tagt <a class=\"mh-excerpt-more\" href=\"https:\/\/www.studiogera.de\/001\/2023\/01\/17\/sitzungen-am-17-januar-2023\/\" title=\"SITZUNGEN AM 17. JANUAR 2023\">[&#8230;]<\/a><\/p>\n<\/div>","protected":false},"author":2,"featured_media":22583,"comment_status":"open","ping_status":"open","sticky":false,"template":"","format":"standard","meta":{"footnotes":""},"categories":[16],"tags":[],"class_list":{"0":"post-22584","1":"post","2":"type-post","3":"status-publish","4":"format-standard","5":"has-post-thumbnail","7":"category-kurzmitteilungen"},"_links":{"self":[{"href":"https:\/\/www.studiogera.de\/001\/wp-json\/wp\/v2\/posts\/22584","targetHints":{"allow":["GET"]}}],"collection":[{"href":"https:\/\/www.studiogera.de\/001\/wp-json\/wp\/v2\/posts"}],"about":[{"href":"https:\/\/www.studiogera.de\/001\/wp-json\/wp\/v2\/types\/post"}],"author":[{"embeddable":true,"href":"https:\/\/www.studiogera.de\/001\/wp-json\/wp\/v2\/users\/2"}],"replies":[{"embeddable":true,"href":"https:\/\/www.studiogera.de\/001\/wp-json\/wp\/v2\/comments?post=22584"}],"version-history":[{"count":1,"href":"https:\/\/www.studiogera.de\/001\/wp-json\/wp\/v2\/posts\/22584\/revisions"}],"predecessor-version":[{"id":22585,"href":"https:\/\/www.studiogera.de\/001\/wp-json\/wp\/v2\/posts\/22584\/revisions\/22585"}],"wp:featuredmedia":[{"embeddable":true,"href":"https:\/\/www.studiogera.de\/001\/wp-json\/wp\/v2\/media\/22583"}],"wp:attachment":[{"href":"https:\/\/www.studiogera.de\/001\/wp-json\/wp\/v2\/media?parent=22584"}],"wp:term":[{"taxonomy":"category","embeddable":true,"href":"https:\/\/www.studiogera.de\/001\/wp-json\/wp\/v2\/categories?post=22584"},{"taxonomy":"post_tag","embeddable":true,"href":"https:\/\/www.studiogera.de\/001\/wp-json\/wp\/v2\/tags?post=22584"}],"curies":[{"name":"wp","href":"https:\/\/api.w.org\/{rel}","templated":true}]}}