{"id":22618,"date":"2023-01-17T19:09:11","date_gmt":"2023-01-17T18:09:11","guid":{"rendered":"http:\/\/www.studiogera.de\/001\/?p=22618"},"modified":"2023-01-17T19:09:12","modified_gmt":"2023-01-17T18:09:12","slug":"digitale-gesundheitskompetenz-fuer-ostthueringen","status":"publish","type":"post","link":"https:\/\/www.studiogera.de\/001\/2023\/01\/17\/digitale-gesundheitskompetenz-fuer-ostthueringen\/","title":{"rendered":"DIGITALE GESUNDHEITSKOMPETENZ F\u00dcR OSTTH\u00dcRINGEN"},"content":{"rendered":"\n<p>Ein neues Pr\u00e4ventionsprogramm der Barmer Krankenkasse soll die digitale Gesundheitskompetenz von Sch\u00fclerinnen und Sch\u00fclern, Lehrkr\u00e4ften und Eltern in Gera, im Kreis Greiz und im Altenburger Land steigern. Unter dem Namen \u201eDURCHBLICKT!\u201c wird praktisches Wissen f\u00fcr die Suche nach Gesundheitsinformationen im Netz und f\u00fcr den sicheren Umgang damit vermittelt. F\u00fcr die Schulen in Ostth\u00fcringen bietet das Programm n\u00fctzliche Unterrichtsmaterialien. \u201eDigitale Medien geh\u00f6ren f\u00fcr Heranwachsende zum Alltag. Entscheidend ist ein gesunder Umgang damit. Mit &#8218;DURCHBLICKT!&#8216; lernen Sch\u00fclerinnen und Sch\u00fcler in Alltagssituationen, digitale Gesundheitsinformationen sinnvoll zu nutzen und zu verstehen, damit sie f\u00fcr ein selbstbestimmtes, gesundes und digitales Leben ger\u00fcstet sind\u201c, sagt Sirko Mielcarek, Gesch\u00e4ftsf\u00fchrer der Barmer Krankenkasse in Gera.<\/p>\n\n\n\n<p><strong>St\u00e4rkung der digitalen Gesundheitskompetenz<\/strong><\/p>\n\n\n\n<p>Das Projekt \u201eDURCHBLICKT!\u201c biete Lehrkr\u00e4ften in rund 30 Unterrichtseinheiten wichtige Informationen zu Themen wie Cybermobbing, Fake News und digitale Einsamkeit. Zudem finden die Heranwachsenden, deren Lehrkr\u00e4fte und Eltern auf der Website von \u201eDURCHBLICKT!\u201c ein umfangreiches Informationsangebot beispielsweise zur Anwendung von Gesundheits-Apps. Ziel dabei ist unter anderem, die digitale Gesundheitskompetenz zu steigern.<\/p>\n\n\n\n<p><strong>Schulen als Kompetenzvermittler<\/strong><\/p>\n\n\n\n<p>Unterschiedliche Lehrmaterialien stehen f\u00fcr den Unterricht der Sekundarstufen I und II zur Verf\u00fcgung. Jede Unterrichtseinheit startet mit einem Video, um das Vorwissen der Sch\u00fcler zu aktivieren und zu Diskussionen anzuregen. Zus\u00e4tzlich bekommen die Schulklassen einen kostenlosen Zugang zur \u201e7Mind@School-App\u201c mit Achtsamkeits- und Meditations\u00fcbungen, die die Heranwachsenden in der Schule und zu Hause nutzen k\u00f6nnen. \u201eSchulen vermitteln mit &#8218;DURCHBLICKT!&#8216; auf leicht umsetzbare Weise Kompetenzen, die es allen Beteiligten erm\u00f6glichen, unsere digitale Welt gesund zu erleben\u201c, so Sirko Mielcarek. F\u00fcr die Schulen biete das Projekt zugleich den Vorteil, sich als Pr\u00e4ventionstr\u00e4ger auszeichnen zu lassen.<\/p>\n\n\n\n<p>Mehr Informationen sind unter der Adresse \u201e<a href=\"https:\/\/www.durch-blickt.de\/\">durch-blickt.de<\/a>\u201c zu finden.<\/p>\n\n\n\n<p>QUELLE: BARMER KRANKENKASSE<\/p>\n","protected":false},"excerpt":{"rendered":"<div class=\"mh-excerpt\"><p>Ein neues Pr\u00e4ventionsprogramm der Barmer Krankenkasse soll die digitale Gesundheitskompetenz von Sch\u00fclerinnen und Sch\u00fclern, Lehrkr\u00e4ften und Eltern in Gera, im Kreis Greiz und im Altenburger Land steigern. Unter dem Namen \u201eDURCHBLICKT!\u201c wird praktisches Wissen f\u00fcr <a class=\"mh-excerpt-more\" href=\"https:\/\/www.studiogera.de\/001\/2023\/01\/17\/digitale-gesundheitskompetenz-fuer-ostthueringen\/\" title=\"DIGITALE GESUNDHEITSKOMPETENZ F\u00dcR OSTTH\u00dcRINGEN\">[&#8230;]<\/a><\/p>\n<\/div>","protected":false},"author":2,"featured_media":22598,"comment_status":"open","ping_status":"open","sticky":false,"template":"","format":"standard","meta":{"footnotes":""},"categories":[16],"tags":[],"class_list":{"0":"post-22618","1":"post","2":"type-post","3":"status-publish","4":"format-standard","5":"has-post-thumbnail","7":"category-kurzmitteilungen"},"_links":{"self":[{"href":"https:\/\/www.studiogera.de\/001\/wp-json\/wp\/v2\/posts\/22618","targetHints":{"allow":["GET"]}}],"collection":[{"href":"https:\/\/www.studiogera.de\/001\/wp-json\/wp\/v2\/posts"}],"about":[{"href":"https:\/\/www.studiogera.de\/001\/wp-json\/wp\/v2\/types\/post"}],"author":[{"embeddable":true,"href":"https:\/\/www.studiogera.de\/001\/wp-json\/wp\/v2\/users\/2"}],"replies":[{"embeddable":true,"href":"https:\/\/www.studiogera.de\/001\/wp-json\/wp\/v2\/comments?post=22618"}],"version-history":[{"count":1,"href":"https:\/\/www.studiogera.de\/001\/wp-json\/wp\/v2\/posts\/22618\/revisions"}],"predecessor-version":[{"id":22619,"href":"https:\/\/www.studiogera.de\/001\/wp-json\/wp\/v2\/posts\/22618\/revisions\/22619"}],"wp:featuredmedia":[{"embeddable":true,"href":"https:\/\/www.studiogera.de\/001\/wp-json\/wp\/v2\/media\/22598"}],"wp:attachment":[{"href":"https:\/\/www.studiogera.de\/001\/wp-json\/wp\/v2\/media?parent=22618"}],"wp:term":[{"taxonomy":"category","embeddable":true,"href":"https:\/\/www.studiogera.de\/001\/wp-json\/wp\/v2\/categories?post=22618"},{"taxonomy":"post_tag","embeddable":true,"href":"https:\/\/www.studiogera.de\/001\/wp-json\/wp\/v2\/tags?post=22618"}],"curies":[{"name":"wp","href":"https:\/\/api.w.org\/{rel}","templated":true}]}}