{"id":22635,"date":"2023-01-17T22:16:26","date_gmt":"2023-01-17T21:16:26","guid":{"rendered":"http:\/\/www.studiogera.de\/001\/?p=22635"},"modified":"2023-01-17T22:16:27","modified_gmt":"2023-01-17T21:16:27","slug":"gastspiel-des-thueringer-staatsballetts","status":"publish","type":"post","link":"https:\/\/www.studiogera.de\/001\/2023\/01\/17\/gastspiel-des-thueringer-staatsballetts\/","title":{"rendered":"GASTSPIEL DES TH\u00dcRINGER STAATSBALLETTS"},"content":{"rendered":"\n<p>Das Th\u00fcringer Staatsballett wurde eingeladen an den Internationalen Tanzwochen in der nordrhein-westf\u00e4lischen Stadt Neuss teilzunehmen. Am Donnerstag, den 19. Januar 2023, wird das renommierte Tanzensemble das von Ballettdirektorin und Chefchoreografin Silvana Schr\u00f6der kreierte St\u00fcck \u201eCorpus\u201c in der Stadthalle pr\u00e4sentieren. Das zeitgen\u00f6ssische Ballett erz\u00e4hlt in assoziativen Bildern die Geschichte eines Individuums von der Geburt bis zum Ende. Werden, Sein und Verg\u00e4nglichkeit des Menschen im Spiegel seiner Umwelt bilden das Motiv der Inszenierung.<\/p>\n\n\n\n<p>\u201eWir haben uns sehr \u00fcber die Einladung in Neuss gefreut. Im Rahmen dieser Internationalen Tanzwoche pr\u00e4sent sein zu d\u00fcrfen sowie unsere Tanzkunst einem fachinteressierten Publikum vorzustellen, ehrt uns sehr. Die \u00fcberregionale Ausstrahlung des Th\u00fcringer Staatsballetts, ans\u00e4ssig an unserem sch\u00f6nen Theater Altenburg Gera, zeigt die hohe k\u00fcnstlerische Qualit\u00e4t, die wir an unserem Hause haben,\u201c so Silvana Schr\u00f6der.<\/p>\n\n\n\n<p>Die Internationalen Tanzwochen Neuss, gegr\u00fcndet 1983, sind ein breit gef\u00e4chertes Forum des internationalen zeitgen\u00f6ssischen Tanzgeschehens in aktuellen Choreografien und Inszenierungen. Jeweils von Oktober bis M\u00e4rz pr\u00e4sentieren sich in der Stadthalle Neuss hochkar\u00e4tige Ensembles von nah und fern, um einem fachkundigen Publikum ihre neuesten Kreationen vorzustellen.<\/p>\n\n\n\n<p>Die Theaterkasse f\u00fcr Gera befindet sich in der Spielst\u00e4tte B\u00fchne am Park, Theaterplatz 1, und ist dienstags, mittwochs und freitags von 10 Uhr bis 17 Uhr, sowie am donnerstags von 10 Uhr bis 19 Uhr ge\u00f6ffnet. Dar\u00fcber hinaus erfolgt der Kartenvorverkauf jederzeit auch \u00fcber den Webshop. Dieser ist unter der Adresse \u201ewww.theater-altenburg-gera.de\u201c erreichbar.<\/p>\n\n\n\n<p>QUELLE: THEATER ALTENBURG GERA GGMBH<\/p>\n","protected":false},"excerpt":{"rendered":"<div class=\"mh-excerpt\"><p>Das Th\u00fcringer Staatsballett wurde eingeladen an den Internationalen Tanzwochen in der nordrhein-westf\u00e4lischen Stadt Neuss teilzunehmen. Am Donnerstag, den 19. Januar 2023, wird das renommierte Tanzensemble das von Ballettdirektorin und Chefchoreografin Silvana Schr\u00f6der kreierte St\u00fcck \u201eCorpus\u201c <a class=\"mh-excerpt-more\" href=\"https:\/\/www.studiogera.de\/001\/2023\/01\/17\/gastspiel-des-thueringer-staatsballetts\/\" title=\"GASTSPIEL DES TH\u00dcRINGER STAATSBALLETTS\">[&#8230;]<\/a><\/p>\n<\/div>","protected":false},"author":2,"featured_media":22636,"comment_status":"open","ping_status":"open","sticky":false,"template":"","format":"standard","meta":{"footnotes":""},"categories":[15],"tags":[],"class_list":{"0":"post-22635","1":"post","2":"type-post","3":"status-publish","4":"format-standard","5":"has-post-thumbnail","7":"category-theater"},"_links":{"self":[{"href":"https:\/\/www.studiogera.de\/001\/wp-json\/wp\/v2\/posts\/22635","targetHints":{"allow":["GET"]}}],"collection":[{"href":"https:\/\/www.studiogera.de\/001\/wp-json\/wp\/v2\/posts"}],"about":[{"href":"https:\/\/www.studiogera.de\/001\/wp-json\/wp\/v2\/types\/post"}],"author":[{"embeddable":true,"href":"https:\/\/www.studiogera.de\/001\/wp-json\/wp\/v2\/users\/2"}],"replies":[{"embeddable":true,"href":"https:\/\/www.studiogera.de\/001\/wp-json\/wp\/v2\/comments?post=22635"}],"version-history":[{"count":1,"href":"https:\/\/www.studiogera.de\/001\/wp-json\/wp\/v2\/posts\/22635\/revisions"}],"predecessor-version":[{"id":22637,"href":"https:\/\/www.studiogera.de\/001\/wp-json\/wp\/v2\/posts\/22635\/revisions\/22637"}],"wp:featuredmedia":[{"embeddable":true,"href":"https:\/\/www.studiogera.de\/001\/wp-json\/wp\/v2\/media\/22636"}],"wp:attachment":[{"href":"https:\/\/www.studiogera.de\/001\/wp-json\/wp\/v2\/media?parent=22635"}],"wp:term":[{"taxonomy":"category","embeddable":true,"href":"https:\/\/www.studiogera.de\/001\/wp-json\/wp\/v2\/categories?post=22635"},{"taxonomy":"post_tag","embeddable":true,"href":"https:\/\/www.studiogera.de\/001\/wp-json\/wp\/v2\/tags?post=22635"}],"curies":[{"name":"wp","href":"https:\/\/api.w.org\/{rel}","templated":true}]}}