{"id":22796,"date":"2023-01-24T12:20:15","date_gmt":"2023-01-24T11:20:15","guid":{"rendered":"http:\/\/www.studiogera.de\/001\/?p=22796"},"modified":"2023-01-24T12:20:17","modified_gmt":"2023-01-24T11:20:17","slug":"veranstaltung-begegnung-kunst-heute-in-der-orangerie","status":"publish","type":"post","link":"https:\/\/www.studiogera.de\/001\/2023\/01\/24\/veranstaltung-begegnung-kunst-heute-in-der-orangerie\/","title":{"rendered":"VERANSTALTUNG \u201eBEGEGNUNG KUNST\u201c HEUTE IN DER ORANGERIE"},"content":{"rendered":"\n<p>Die Veranstaltung \u201eBegegnung Kunst \u2013 Kunstgespr\u00e4ch f\u00fcr Seniorinnen und Senioren\u201c findet am 24. Januar 2023 in der Orangerie statt. Vorgestellt wird die neue Sonderausstellung \u201ePerlen der Moderne\u201c, die seit dem 22. Januar 2023 im S\u00fcdfl\u00fcgel der Orangerie besucht werden kann. Um 14 Uhr k\u00f6nnen sich interessierte Besucher \u00fcber die bedeutendsten St\u00fccke aus der privaten Sammlung Niescher, die seit 2021 f\u00fcr zehn Jahre als Dauerleihgabe in der Kunstsammlung Gera beheimatet ist, informieren. Zu sehen sind Gem\u00e4lde, Zeichnungen, Aquarelle und Plastiken von so klangvollen Namen der Klassischen Moderne wie Lyonel Feininger, George Grosz, Karl Hofer, Paul Klee oder Karl Schmidt-Rottluff.<\/p>\n","protected":false},"excerpt":{"rendered":"<div class=\"mh-excerpt\"><p>Die Veranstaltung \u201eBegegnung Kunst \u2013 Kunstgespr\u00e4ch f\u00fcr Seniorinnen und Senioren\u201c findet am 24. Januar 2023 in der Orangerie statt. Vorgestellt wird die neue Sonderausstellung \u201ePerlen der Moderne\u201c, die seit dem 22. Januar 2023 im S\u00fcdfl\u00fcgel <a class=\"mh-excerpt-more\" href=\"https:\/\/www.studiogera.de\/001\/2023\/01\/24\/veranstaltung-begegnung-kunst-heute-in-der-orangerie\/\" title=\"VERANSTALTUNG \u201eBEGEGNUNG KUNST\u201c HEUTE IN DER ORANGERIE\">[&#8230;]<\/a><\/p>\n<\/div>","protected":false},"author":2,"featured_media":22617,"comment_status":"open","ping_status":"open","sticky":false,"template":"","format":"standard","meta":{"footnotes":""},"categories":[16],"tags":[],"class_list":{"0":"post-22796","1":"post","2":"type-post","3":"status-publish","4":"format-standard","5":"has-post-thumbnail","7":"category-kurzmitteilungen"},"_links":{"self":[{"href":"https:\/\/www.studiogera.de\/001\/wp-json\/wp\/v2\/posts\/22796","targetHints":{"allow":["GET"]}}],"collection":[{"href":"https:\/\/www.studiogera.de\/001\/wp-json\/wp\/v2\/posts"}],"about":[{"href":"https:\/\/www.studiogera.de\/001\/wp-json\/wp\/v2\/types\/post"}],"author":[{"embeddable":true,"href":"https:\/\/www.studiogera.de\/001\/wp-json\/wp\/v2\/users\/2"}],"replies":[{"embeddable":true,"href":"https:\/\/www.studiogera.de\/001\/wp-json\/wp\/v2\/comments?post=22796"}],"version-history":[{"count":1,"href":"https:\/\/www.studiogera.de\/001\/wp-json\/wp\/v2\/posts\/22796\/revisions"}],"predecessor-version":[{"id":22797,"href":"https:\/\/www.studiogera.de\/001\/wp-json\/wp\/v2\/posts\/22796\/revisions\/22797"}],"wp:featuredmedia":[{"embeddable":true,"href":"https:\/\/www.studiogera.de\/001\/wp-json\/wp\/v2\/media\/22617"}],"wp:attachment":[{"href":"https:\/\/www.studiogera.de\/001\/wp-json\/wp\/v2\/media?parent=22796"}],"wp:term":[{"taxonomy":"category","embeddable":true,"href":"https:\/\/www.studiogera.de\/001\/wp-json\/wp\/v2\/categories?post=22796"},{"taxonomy":"post_tag","embeddable":true,"href":"https:\/\/www.studiogera.de\/001\/wp-json\/wp\/v2\/tags?post=22796"}],"curies":[{"name":"wp","href":"https:\/\/api.w.org\/{rel}","templated":true}]}}