{"id":22818,"date":"2023-01-26T03:51:35","date_gmt":"2023-01-26T02:51:35","guid":{"rendered":"http:\/\/www.studiogera.de\/001\/?p=22818"},"modified":"2023-01-26T04:48:51","modified_gmt":"2023-01-26T03:48:51","slug":"fazit-zum-wef-treffen-in-davos","status":"publish","type":"post","link":"https:\/\/www.studiogera.de\/001\/2023\/01\/26\/fazit-zum-wef-treffen-in-davos\/","title":{"rendered":"FAZIT ZUM WEF-TREFFEN IN DAVOS"},"content":{"rendered":"\n<p>Erneut nahmen auch deutsche Politiker am Elitaristen-Treffen des Weltwirtschaftsforums teil, in dem Glauben, dort gehe es um L\u00f6sungen f\u00fcr die Probleme dieser Zeit. Tats\u00e4chlich ist es eine Plattform f\u00fcr die Themen der Reichen und M\u00e4chtigen, damit ihnen Reichtum und Macht erhalten bleiben. Obgleich insgesamt mehr Teilnehmer gez\u00e4hlt wurden, mangelte es diesmal an Prominenz. Etwa die H\u00e4lfte der G\u00e4ste waren Journalisten.<\/p>\n\n\n\n<p>Olaf Scholz, Robert Habeck, Christian Lindner und Karl Lauterbach beteiligten sich an der skurrilen Veranstaltung von Klaus Schwab, der seine Fantasien in verschiedenen B\u00fcchern zum Besten gegeben hat. Vielfach werden sie als menschenverachtend und demokratiefeindlich empfunden, denn sie reichen bis weit unter die Haut, ohne dass demokratische Entscheidungen und der Wille der Menschen dabei eine Rolle spielen. Es ist, als beschreibe er unabwendbare Naturereignisse. Zwar weist er auf Risiken hin, was aber nur eine Vorwegnahme aus taktischen Gr\u00fcnden ist. \u00dcberzeugt verk\u00fcndete Schwab immerhin: \u201eWir haben die Macht, die Welt zu ver\u00e4ndern und zu verbessern!\u201c Seine Vision fu\u00dft auf Technik, die nur wenige zu kontrollieren imstande sind, und alle anderen mit jedem weiteren Entwicklungsschritt in eine gr\u00f6\u00dfere Abh\u00e4ngigkeit bringt.<\/p>\n\n\n\n<p>Die billige Taktik, mit der er Entscheidungstr\u00e4ger aus Politik und Wirtschaft einzufangen sucht, haben viele l\u00e4ngst durchschaut: Erst kommen die apokalyptischen Schreckensszenarien, dann zeigen Wissenschaftler L\u00f6sungswege auf, die zu einer friedlichen Welt ohne Hunger, Armut, Angst und Krieg f\u00fchren. Alle haben genug zum Essen \u2014 auch wenn es nur Larvensuppen, Mehlwurmbr\u00f6tchen oder Grillenkekse sind. Und jeder achtet darauf, dass er das ihm zugewiesene CO\u2082-Kontingent nicht \u00fcberschreitet. Es ist die neue, ihre Version des Paradieses, und obendrein noch ein gutes Gesch\u00e4ftsmodell.<\/p>\n\n\n\n<p>Andernfalls droht die H\u00f6lle auf Erden: Der fr\u00fchere US-Vizepr\u00e4sident Al Gore warnte vor \u201ekochenden Ozeanen\u201c und \u201eRegenbomben\u201c. Der derzeitige Aussto\u00df von Treibhausgasen bringe soviel W\u00e4rme in die Atmosph\u00e4re, wie 600&#8217;000 Hiroshima-Bomben pro Tag. Weiterhin fabulierte er \u00fcber Regenbomben, die das Land zerst\u00f6ren, und trotz derer alles staubtrocken bleibt, von einer Arktis und Antarktis ohne Eis sowie von Hunderten, Millionen und Milliarden Klimafl\u00fcchtlingen.<\/p>\n\n\n\n<p>Verliert das Weltwirtschaftsforum an Bedeutung? Im Grunde handelt es sich bei der j\u00e4hrlichen Zusammenkunft nur um die Schaufensterveranstaltung von Narzissten. Die wirklich wichtigen Absprachen finden stets hinter verschlossenen T\u00fcren statt, weil es in irgendeiner Weise immer um Status, Macht, Konkurrenz und Verdr\u00e4ngung geht. Menschen mit diesen Eigenschaften alle dauerhaft auf eine Linie bringen zu wollen, ist eine Illusion. Demzufolge gibt es auch keine homogene Elite, sondern konkurrierende Interessengruppen, die in ihren Sph\u00e4ren nicht bemerken, dass bald eine disruptive Entwicklung \u00fcber sie hinweggehen wird. Zu sehr sind sie davon \u00fcberzeugt, wer sie sind und was f\u00fcr sie keine Bedeutung hat.<\/p>\n\n\n\n<p>Die Teilnehmer beim Weltwirtschaftsforum wollen die Welt ver\u00e4ndern, aber nicht sich selbst, denken also vom falschen Ende her. Rosa Luxemburg und Hanna Arendt meinten zudem \u00fcbereinstimmend, dass Revolutionen nicht von Berufsrevolution\u00e4ren ausgehen und nach Plan durchgef\u00fchrt werden, sondern spontan ausbrechen, und zwar von unten. Genau deshalb sind Ideen wie die von einer Vierten industriellen Revolution zum Scheitern verurteilt.<\/p>\n","protected":false},"excerpt":{"rendered":"<div class=\"mh-excerpt\"><p>Erneut nahmen auch deutsche Politiker am Elitaristen-Treffen des Weltwirtschaftsforums teil, in dem Glauben, dort gehe es um L\u00f6sungen f\u00fcr die Probleme dieser Zeit. Tats\u00e4chlich ist es eine Plattform f\u00fcr die Themen der Reichen und M\u00e4chtigen, <a class=\"mh-excerpt-more\" href=\"https:\/\/www.studiogera.de\/001\/2023\/01\/26\/fazit-zum-wef-treffen-in-davos\/\" title=\"FAZIT ZUM WEF-TREFFEN IN DAVOS\">[&#8230;]<\/a><\/p>\n<\/div>","protected":false},"author":2,"featured_media":22819,"comment_status":"open","ping_status":"open","sticky":false,"template":"","format":"standard","meta":{"footnotes":""},"categories":[6],"tags":[],"class_list":{"0":"post-22818","1":"post","2":"type-post","3":"status-publish","4":"format-standard","5":"has-post-thumbnail","7":"category-gesellschaft"},"_links":{"self":[{"href":"https:\/\/www.studiogera.de\/001\/wp-json\/wp\/v2\/posts\/22818","targetHints":{"allow":["GET"]}}],"collection":[{"href":"https:\/\/www.studiogera.de\/001\/wp-json\/wp\/v2\/posts"}],"about":[{"href":"https:\/\/www.studiogera.de\/001\/wp-json\/wp\/v2\/types\/post"}],"author":[{"embeddable":true,"href":"https:\/\/www.studiogera.de\/001\/wp-json\/wp\/v2\/users\/2"}],"replies":[{"embeddable":true,"href":"https:\/\/www.studiogera.de\/001\/wp-json\/wp\/v2\/comments?post=22818"}],"version-history":[{"count":4,"href":"https:\/\/www.studiogera.de\/001\/wp-json\/wp\/v2\/posts\/22818\/revisions"}],"predecessor-version":[{"id":22830,"href":"https:\/\/www.studiogera.de\/001\/wp-json\/wp\/v2\/posts\/22818\/revisions\/22830"}],"wp:featuredmedia":[{"embeddable":true,"href":"https:\/\/www.studiogera.de\/001\/wp-json\/wp\/v2\/media\/22819"}],"wp:attachment":[{"href":"https:\/\/www.studiogera.de\/001\/wp-json\/wp\/v2\/media?parent=22818"}],"wp:term":[{"taxonomy":"category","embeddable":true,"href":"https:\/\/www.studiogera.de\/001\/wp-json\/wp\/v2\/categories?post=22818"},{"taxonomy":"post_tag","embeddable":true,"href":"https:\/\/www.studiogera.de\/001\/wp-json\/wp\/v2\/tags?post=22818"}],"curies":[{"name":"wp","href":"https:\/\/api.w.org\/{rel}","templated":true}]}}