{"id":22900,"date":"2023-01-28T10:10:00","date_gmt":"2023-01-28T09:10:00","guid":{"rendered":"http:\/\/www.studiogera.de\/001\/?p=22900"},"modified":"2023-01-28T00:18:19","modified_gmt":"2023-01-27T23:18:19","slug":"information-der-selbsthilfegruppen-2","status":"publish","type":"post","link":"https:\/\/www.studiogera.de\/001\/2023\/01\/28\/information-der-selbsthilfegruppen-2\/","title":{"rendered":"INFORMATION DER SELBSTHILFEGRUPPEN"},"content":{"rendered":"\n<p>Am Dienstag, den 31. Januar 2023, trifft sich die Selbsthilfegruppe f\u00fcr Menschen, die einen nahen Angeh\u00f6rigen, Freund oder Bekannten durch Suizid verloren haben. In der Ehrenamtszentrale am Kornmarkt 7, 07545 Gera, k\u00f6nnen sich dort Gleichgesinnte und Betroffene ab 17 Uhr \u00fcber Herausforderungen in dieser Situation austauschen. Bei Interesse wird um R\u00fcckmeldung an die Kontaktstelle f\u00fcr Selbsthilfegruppen der Ehrenamtszentrale gebeten \u2014 entweder telefonisch unter der Rufnummer 0365 8381074 oder \u00fcber \u201e<a href=\"mailto:KontaktstelleSelbsthilfegruppen@gera.de\">KontaktstelleSelbsthilfegruppen@gera.de<\/a>\u201c. Steffi Hofmann, Leiterin der Kontaktstelle, fungiert als Ansprechpartnerin.<\/p>\n","protected":false},"excerpt":{"rendered":"<div class=\"mh-excerpt\"><p>Am Dienstag, den 31. Januar 2023, trifft sich die Selbsthilfegruppe f\u00fcr Menschen, die einen nahen Angeh\u00f6rigen, Freund oder Bekannten durch Suizid verloren haben. In der Ehrenamtszentrale am Kornmarkt 7, 07545 Gera, k\u00f6nnen sich dort Gleichgesinnte <a class=\"mh-excerpt-more\" href=\"https:\/\/www.studiogera.de\/001\/2023\/01\/28\/information-der-selbsthilfegruppen-2\/\" title=\"INFORMATION DER SELBSTHILFEGRUPPEN\">[&#8230;]<\/a><\/p>\n<\/div>","protected":false},"author":2,"featured_media":22646,"comment_status":"open","ping_status":"open","sticky":false,"template":"","format":"standard","meta":{"footnotes":""},"categories":[16],"tags":[],"class_list":{"0":"post-22900","1":"post","2":"type-post","3":"status-publish","4":"format-standard","5":"has-post-thumbnail","7":"category-kurzmitteilungen"},"_links":{"self":[{"href":"https:\/\/www.studiogera.de\/001\/wp-json\/wp\/v2\/posts\/22900","targetHints":{"allow":["GET"]}}],"collection":[{"href":"https:\/\/www.studiogera.de\/001\/wp-json\/wp\/v2\/posts"}],"about":[{"href":"https:\/\/www.studiogera.de\/001\/wp-json\/wp\/v2\/types\/post"}],"author":[{"embeddable":true,"href":"https:\/\/www.studiogera.de\/001\/wp-json\/wp\/v2\/users\/2"}],"replies":[{"embeddable":true,"href":"https:\/\/www.studiogera.de\/001\/wp-json\/wp\/v2\/comments?post=22900"}],"version-history":[{"count":1,"href":"https:\/\/www.studiogera.de\/001\/wp-json\/wp\/v2\/posts\/22900\/revisions"}],"predecessor-version":[{"id":22901,"href":"https:\/\/www.studiogera.de\/001\/wp-json\/wp\/v2\/posts\/22900\/revisions\/22901"}],"wp:featuredmedia":[{"embeddable":true,"href":"https:\/\/www.studiogera.de\/001\/wp-json\/wp\/v2\/media\/22646"}],"wp:attachment":[{"href":"https:\/\/www.studiogera.de\/001\/wp-json\/wp\/v2\/media?parent=22900"}],"wp:term":[{"taxonomy":"category","embeddable":true,"href":"https:\/\/www.studiogera.de\/001\/wp-json\/wp\/v2\/categories?post=22900"},{"taxonomy":"post_tag","embeddable":true,"href":"https:\/\/www.studiogera.de\/001\/wp-json\/wp\/v2\/tags?post=22900"}],"curies":[{"name":"wp","href":"https:\/\/api.w.org\/{rel}","templated":true}]}}